{"id":561363,"date":"2024-09-16T01:54:03","date_gmt":"2024-09-16T07:54:03","guid":{"rendered":"https:\/\/www.zunoticia.com\/noticias-de-hidalgo\/?p=561363"},"modified":"2024-09-16T01:54:04","modified_gmt":"2024-09-16T07:54:04","slug":"ayuntamiento-invita-a-la-ciudadania-a-tomar-precauciones-por-el-desfile-del-16-de-septiembre","status":"publish","type":"post","link":"https:\/\/www.zunoticia.com\/noticias-de-hidalgo\/2024\/09\/16\/ayuntamiento-invita-a-la-ciudadania-a-tomar-precauciones-por-el-desfile-del-16-de-septiembre\/","title":{"rendered":"Ayuntamiento invita a la ciudadan\u00eda a tomar precauciones por el desfile del 16 de septiembre"},"content":{"rendered":"<aside class=\"mashsb-container mashsb-main mashsb-stretched\"><div class=\"mashsb-box\"><div class=\"mashsb-count mash-large\" style=\"float:left\"><div class=\"counts mashsbcount\">13<\/div><span class=\"mashsb-sharetext\">SHARES<\/span><\/div><div class=\"mashsb-buttons\"><a class=\"mashicon-facebook mash-large mash-center mashsb-noshadow\" href=\"https:\/\/www.facebook.com\/sharer.php?u=https%3A%2F%2Fwww.zunoticia.com%2Fnoticias-de-hidalgo%2F2024%2F09%2F16%2Fayuntamiento-invita-a-la-ciudadania-a-tomar-precauciones-por-el-desfile-del-16-de-septiembre%2F\" target=\"_top\" rel=\"nofollow\"><span class=\"icon\"><\/span><span class=\"text\">Share<\/span><\/a><a class=\"mashicon-twitter mash-large mash-center mashsb-noshadow\" href=\"https:\/\/twitter.com\/intent\/tweet?text=&amp;url=https:\/\/www.zunoticia.com\/noticias-de-hidalgo\/2024\/09\/16\/ayuntamiento-invita-a-la-ciudadania-a-tomar-precauciones-por-el-desfile-del-16-de-septiembre\/\" target=\"_top\" rel=\"nofollow\"><span class=\"icon\"><\/span><span class=\"text\">Tweet<\/span><\/a><div class=\"onoffswitch2 mash-large mashsb-noshadow\" style=\"display:none\"><\/div><\/div>\n            <\/div>\n                <div style=\"clear:both\"><\/div><div class=\"mashsb-toggle-container\"><\/div><\/aside>\n            <!-- Share buttons by mashshare.net - Version: 4.0.47-->\n<p><em>Por Esmeralda Vargas\/Zunoticia<\/em><\/p>\n\n\n\n<p><strong>Zacualtip\u00e1n de \u00c1ngeles, Hgo.-<\/strong> La Presidencia Municipal de Zacualtip\u00e1n de \u00c1ngeles solicita a la ciudadan\u00eda que tome precauciones debido a la realizaci\u00f3n de un desfile que se llevar\u00e1 a cabo el pr\u00f3ximo 16 de septiembre. Con el fin de asegurar el buen desarrollo del evento y minimizar inconvenientes, se invita a la poblaci\u00f3n a utilizar rutas alternas durante la ma\u00f1ana del desfile.<\/p>\n\n\n\n<p>Se recomienda a los residentes que eviten estacionar sus veh\u00edculos en las calles por donde pasar\u00e1 el contingente para facilitar el paso del desfile. Las calles por las cuales se realizara el recorrido ser\u00e1 Ocampo, Galeana y Felipe \u00c1ngeles. El desfile comenzar\u00e1 a las 09:00 am en la Calle Luis Echeverr\u00eda, frente al taller Luna, y recorrer\u00e1 estas v\u00edas hasta llegar al Centro de Zacualtip\u00e1n de \u00c1ngeles.<\/p>\n\n\n\n<p>El evento est\u00e1 dise\u00f1ado para celebrarla Independencia de M\u00e9xico, y se espera que atraiga a una gran cantidad de participantes y espectadores. Por lo tanto, se sugiere a los residentes planificar sus desplazamientos con antelaci\u00f3n y considerar opciones de estacionamiento alternativas para evitar bloqueos y retrasos.<\/p>\n\n\n\n<p>La Presidencia Municipal agradece de antemano la comprensi\u00f3n y colaboraci\u00f3n de todos los ciudadanos para garantizar el \u00e9xito y la seguridad&nbsp;del&nbsp;desfile.<\/p>\n","protected":false},"excerpt":{"rendered":"<p>Por Esmeralda Vargas\/Zunoticia Zacualtip\u00e1n de \u00c1ngeles, Hgo.- La Presidencia Municipal de Zacualtip\u00e1n de \u00c1ngeles solicita a la ciudadan\u00eda que tome precauciones debido a la realizaci\u00f3n de un desfile que se llevar\u00e1 a cabo el pr\u00f3ximo 16 de septiembre. Con el fin de asegurar el buen desarrollo del evento y minimizar inconvenientes, se invita a la&hellip; <a class=\"more-link\" href=\"https:\/\/www.zunoticia.com\/noticias-de-hidalgo\/2024\/09\/16\/ayuntamiento-invita-a-la-ciudadania-a-tomar-precauciones-por-el-desfile-del-16-de-septiembre\/\">Seguir leyendo <span class=\"screen-reader-text\">Ayuntamiento invita a la ciudadan\u00eda a tomar precauciones por el desfile del 16 de septiembre<\/span><\/a><\/p>\n","protected":false},"author":13,"featured_media":561293,"comment_status":"open","ping_status":"open","sticky":false,"template":"","format":"standard","meta":{"rop_custom_images_group":[],"rop_custom_messages_group":[],"rop_publish_now":"yes","rop_publish_now_accounts":{"facebook_10159540855086992_322828327761733":"#Zacualtip\u00e1nDe\u00c1ngeles #SierraAlta | La Presidencia Municipal de Zacualtip\u00e1n de \u00c1ngeles solicita a la ciudadan\u00eda que tome precauciones debido a la realizaci\u00f3n de un desfile que se llevar\u00e1 a cabo el pr\u00f3ximo 16 de septiembre."},"rop_publish_now_history":[],"rop_publish_now_status":"pending","footnotes":""},"categories":[433,441],"tags":[302],"class_list":["post-561363","post","type-post","status-publish","format-standard","has-post-thumbnail","hentry","category-sierra-alta","category-zacualtipan-sierra-alta","tag-zacualtipan","entry"],"_links":{"self":[{"href":"https:\/\/www.zunoticia.com\/noticias-de-hidalgo\/wp-json\/wp\/v2\/posts\/561363","targetHints":{"allow":["GET"]}}],"collection":[{"href":"https:\/\/www.zunoticia.com\/noticias-de-hidalgo\/wp-json\/wp\/v2\/posts"}],"about":[{"href":"https:\/\/www.zunoticia.com\/noticias-de-hidalgo\/wp-json\/wp\/v2\/types\/post"}],"author":[{"embeddable":true,"href":"https:\/\/www.zunoticia.com\/noticias-de-hidalgo\/wp-json\/wp\/v2\/users\/13"}],"replies":[{"embeddable":true,"href":"https:\/\/www.zunoticia.com\/noticias-de-hidalgo\/wp-json\/wp\/v2\/comments?post=561363"}],"version-history":[{"count":1,"href":"https:\/\/www.zunoticia.com\/noticias-de-hidalgo\/wp-json\/wp\/v2\/posts\/561363\/revisions"}],"predecessor-version":[{"id":561364,"href":"https:\/\/www.zunoticia.com\/noticias-de-hidalgo\/wp-json\/wp\/v2\/posts\/561363\/revisions\/561364"}],"wp:featuredmedia":[{"embeddable":true,"href":"https:\/\/www.zunoticia.com\/noticias-de-hidalgo\/wp-json\/wp\/v2\/media\/561293"}],"wp:attachment":[{"href":"https:\/\/www.zunoticia.com\/noticias-de-hidalgo\/wp-json\/wp\/v2\/media?parent=561363"}],"wp:term":[{"taxonomy":"category","embeddable":true,"href":"https:\/\/www.zunoticia.com\/noticias-de-hidalgo\/wp-json\/wp\/v2\/categories?post=561363"},{"taxonomy":"post_tag","embeddable":true,"href":"https:\/\/www.zunoticia.com\/noticias-de-hidalgo\/wp-json\/wp\/v2\/tags?post=561363"}],"curies":[{"name":"wp","href":"https:\/\/api.w.org\/{rel}","templated":true}]}}