{"id":561371,"date":"2024-09-16T02:02:36","date_gmt":"2024-09-16T08:02:36","guid":{"rendered":"https:\/\/www.zunoticia.com\/noticias-de-hidalgo\/?p=561371"},"modified":"2024-09-16T02:02:38","modified_gmt":"2024-09-16T08:02:38","slug":"primera-tarde-cultural-en-san-agustin-metzquititlan-encuentro-de-tradiciones-globales","status":"publish","type":"post","link":"https:\/\/www.zunoticia.com\/noticias-de-hidalgo\/2024\/09\/16\/primera-tarde-cultural-en-san-agustin-metzquititlan-encuentro-de-tradiciones-globales\/","title":{"rendered":"Primera tarde cultural en San Agust\u00edn Metzquititl\u00e1n, encuentro de tradiciones globales"},"content":{"rendered":"<aside class=\"mashsb-container mashsb-main mashsb-stretched\"><div class=\"mashsb-box\"><div class=\"mashsb-count mash-large\" style=\"float:left\"><div class=\"counts mashsbcount\">13<\/div><span class=\"mashsb-sharetext\">SHARES<\/span><\/div><div class=\"mashsb-buttons\"><a class=\"mashicon-facebook mash-large mash-center mashsb-noshadow\" href=\"https:\/\/www.facebook.com\/sharer.php?u=https%3A%2F%2Fwww.zunoticia.com%2Fnoticias-de-hidalgo%2F2024%2F09%2F16%2Fprimera-tarde-cultural-en-san-agustin-metzquititlan-encuentro-de-tradiciones-globales%2F\" target=\"_top\" rel=\"nofollow\"><span class=\"icon\"><\/span><span class=\"text\">Share<\/span><\/a><a class=\"mashicon-twitter mash-large mash-center mashsb-noshadow\" href=\"https:\/\/twitter.com\/intent\/tweet?text=&amp;url=https:\/\/www.zunoticia.com\/noticias-de-hidalgo\/2024\/09\/16\/primera-tarde-cultural-en-san-agustin-metzquititlan-encuentro-de-tradiciones-globales\/\" target=\"_top\" rel=\"nofollow\"><span class=\"icon\"><\/span><span class=\"text\">Tweet<\/span><\/a><div class=\"onoffswitch2 mash-large mashsb-noshadow\" style=\"display:none\"><\/div><\/div>\n            <\/div>\n                <div style=\"clear:both\"><\/div><div class=\"mashsb-toggle-container\"><\/div><\/aside>\n            <!-- Share buttons by mashshare.net - Version: 4.0.47-->\n<p><em>Por Esmeralda Vargas \/ Zunoticia<\/em><\/p>\n\n\n\n<p><strong>San Agust\u00edn Metzquititl\u00e1n, Hgo.-<\/strong> El pasado s\u00e1bado por la tarde, el municipio de San Agust\u00edn Metzquititl\u00e1n vivi\u00f3 un evento inaugural que marc\u00f3 al municipio en su agenda cultural, la primera Tarde Cultural. La ceremonia de apertura estuvo a cargo del presidente Germ\u00e1n Hern\u00e1ndez P\u00e9rez, quien destac\u00f3 la importancia de esta celebraci\u00f3n para la integraci\u00f3n y el enriquecimiento cultural de la comunidad.<\/p>\n\n\n\n<p>El evento reuni\u00f3 a grupos folcl\u00f3ricos de Argentina, Polonia, Colombia y M\u00e9xico, cada uno aportando su propio toque distintivo a la jornada. Un momento destacado fue la participaci\u00f3n del grupo de adultas mayores de Argentina, que deslumbr\u00f3 al p\u00fablico con una serie de danzas regionales llenas de energ\u00eda y tradici\u00f3n. Su presentaci\u00f3n no solo celebr\u00f3 la riqueza cultural argentina, sino que tambi\u00e9n ofreci\u00f3 un emotivo homenaje a la experiencia y el talento de sus integrantes.<\/p>\n\n\n\n<figure class=\"wp-block-image size-full\"><img fetchpriority=\"high\" decoding=\"async\" width=\"720\" height=\"607\" src=\"https:\/\/www.zunoticia.com\/noticias-de-hidalgo\/wp-content\/uploads\/2024\/09\/eZy-Watermark_15-09-2024_05-11-11-4890p.m.jpg\" alt=\"\" class=\"wp-image-561291\"\/><\/figure>\n\n\n\n<p>El grupo polaco, por su parte, present\u00f3 una serie de bailes tradicionales que capturaron la esencia de su herencia cultural, mientras que los artistas colombianos encantaron a los asistentes con sus ritmos vibrantes y coloridos. No menos importantes fueron las actuaciones de los grupos mexicanos, que ofrecieron una muestra variada de danzas y m\u00fasica locales, celebrando la identidad y diversidad del pa\u00eds anfitri\u00f3n.<\/p>\n\n\n\n<p>La Tarde Cultural fue una muestra de la diversidad global, asi mismo una plataforma para el di\u00e1logo y la apreciaci\u00f3n&nbsp;intercultural.<\/p>\n","protected":false},"excerpt":{"rendered":"<p>Por Esmeralda Vargas \/ Zunoticia San Agust\u00edn Metzquititl\u00e1n, Hgo.- El pasado s\u00e1bado por la tarde, el municipio de San Agust\u00edn Metzquititl\u00e1n vivi\u00f3 un evento inaugural que marc\u00f3 al municipio en su agenda cultural, la primera Tarde Cultural. La ceremonia de apertura estuvo a cargo del presidente Germ\u00e1n Hern\u00e1ndez P\u00e9rez, quien destac\u00f3 la importancia de esta&hellip; <a class=\"more-link\" href=\"https:\/\/www.zunoticia.com\/noticias-de-hidalgo\/2024\/09\/16\/primera-tarde-cultural-en-san-agustin-metzquititlan-encuentro-de-tradiciones-globales\/\">Seguir leyendo <span class=\"screen-reader-text\">Primera tarde cultural en San Agust\u00edn Metzquititl\u00e1n, encuentro de tradiciones globales<\/span><\/a><\/p>\n","protected":false},"author":13,"featured_media":561292,"comment_status":"open","ping_status":"open","sticky":false,"template":"","format":"standard","meta":{"rop_custom_images_group":[],"rop_custom_messages_group":[],"rop_publish_now":"yes","rop_publish_now_accounts":{"facebook_10159540855086992_322828327761733":"#SanAgust\u00ednMezquititl\u00e1n #SierraAlta | El pasado s\u00e1bado por la tarde, el municipio de San Agust\u00edn Metzquititl\u00e1n vivi\u00f3 un evento inaugural que marc\u00f3 al municipio en su agenda cultural, la primera Tarde Cultural."},"rop_publish_now_history":[],"rop_publish_now_status":"pending","footnotes":""},"categories":[443,433],"tags":[300],"class_list":["post-561371","post","type-post","status-publish","format-standard","has-post-thumbnail","hentry","category-san-agustin-metzquititlan","category-sierra-alta","tag-san-agustin-metzquititlan","entry"],"_links":{"self":[{"href":"https:\/\/www.zunoticia.com\/noticias-de-hidalgo\/wp-json\/wp\/v2\/posts\/561371","targetHints":{"allow":["GET"]}}],"collection":[{"href":"https:\/\/www.zunoticia.com\/noticias-de-hidalgo\/wp-json\/wp\/v2\/posts"}],"about":[{"href":"https:\/\/www.zunoticia.com\/noticias-de-hidalgo\/wp-json\/wp\/v2\/types\/post"}],"author":[{"embeddable":true,"href":"https:\/\/www.zunoticia.com\/noticias-de-hidalgo\/wp-json\/wp\/v2\/users\/13"}],"replies":[{"embeddable":true,"href":"https:\/\/www.zunoticia.com\/noticias-de-hidalgo\/wp-json\/wp\/v2\/comments?post=561371"}],"version-history":[{"count":1,"href":"https:\/\/www.zunoticia.com\/noticias-de-hidalgo\/wp-json\/wp\/v2\/posts\/561371\/revisions"}],"predecessor-version":[{"id":561372,"href":"https:\/\/www.zunoticia.com\/noticias-de-hidalgo\/wp-json\/wp\/v2\/posts\/561371\/revisions\/561372"}],"wp:featuredmedia":[{"embeddable":true,"href":"https:\/\/www.zunoticia.com\/noticias-de-hidalgo\/wp-json\/wp\/v2\/media\/561292"}],"wp:attachment":[{"href":"https:\/\/www.zunoticia.com\/noticias-de-hidalgo\/wp-json\/wp\/v2\/media?parent=561371"}],"wp:term":[{"taxonomy":"category","embeddable":true,"href":"https:\/\/www.zunoticia.com\/noticias-de-hidalgo\/wp-json\/wp\/v2\/categories?post=561371"},{"taxonomy":"post_tag","embeddable":true,"href":"https:\/\/www.zunoticia.com\/noticias-de-hidalgo\/wp-json\/wp\/v2\/tags?post=561371"}],"curies":[{"name":"wp","href":"https:\/\/api.w.org\/{rel}","templated":true}]}}