{"id":561373,"date":"2024-09-16T02:09:16","date_gmt":"2024-09-16T08:09:16","guid":{"rendered":"https:\/\/www.zunoticia.com\/noticias-de-hidalgo\/?p=561373"},"modified":"2024-09-16T02:33:52","modified_gmt":"2024-09-16T08:33:52","slug":"autoridades-conmemoraron-el-214-aniversario-del-grito-de-independencia-de-mexico","status":"publish","type":"post","link":"https:\/\/www.zunoticia.com\/noticias-de-hidalgo\/2024\/09\/16\/autoridades-conmemoraron-el-214-aniversario-del-grito-de-independencia-de-mexico\/","title":{"rendered":"Autoridades conmemoraron el 214 aniversario del grito de independencia de M\u00e9xico"},"content":{"rendered":"<aside class=\"mashsb-container mashsb-main mashsb-stretched\"><div class=\"mashsb-box\"><div class=\"mashsb-count mash-large\" style=\"float:left\"><div class=\"counts mashsbcount\">10<\/div><span class=\"mashsb-sharetext\">SHARES<\/span><\/div><div class=\"mashsb-buttons\"><a class=\"mashicon-facebook mash-large mash-center mashsb-noshadow\" href=\"https:\/\/www.facebook.com\/sharer.php?u=https%3A%2F%2Fwww.zunoticia.com%2Fnoticias-de-hidalgo%2F2024%2F09%2F16%2Fautoridades-conmemoraron-el-214-aniversario-del-grito-de-independencia-de-mexico%2F\" target=\"_top\" rel=\"nofollow\"><span class=\"icon\"><\/span><span class=\"text\">Share<\/span><\/a><a class=\"mashicon-twitter mash-large mash-center mashsb-noshadow\" href=\"https:\/\/twitter.com\/intent\/tweet?text=&amp;url=https:\/\/www.zunoticia.com\/noticias-de-hidalgo\/2024\/09\/16\/autoridades-conmemoraron-el-214-aniversario-del-grito-de-independencia-de-mexico\/\" target=\"_top\" rel=\"nofollow\"><span class=\"icon\"><\/span><span class=\"text\">Tweet<\/span><\/a><div class=\"onoffswitch2 mash-large mashsb-noshadow\" style=\"display:none\"><\/div><\/div>\n            <\/div>\n                <div style=\"clear:both\"><\/div><div class=\"mashsb-toggle-container\"><\/div><\/aside>\n            <!-- Share buttons by mashshare.net - Version: 4.0.47-->\n<p><a><em>Por Gabriela Hern\u00e1ndez\/Zunoticia<\/em><\/a><\/p>\n\n\n\n<p><strong>Jaltoc\u00e1n, Hgo.-<\/strong> El 15 de septiembre dio lugar a uno de los eventos hist\u00f3ricos m\u00e1s importantes de nuestro pa\u00eds, pues marca el inicio de la lucha por la independencia de M\u00e9xico.<\/p>\n\n\n\n<p>El cura Hidalgo incit\u00f3 al pueblo de Dolores a levantarse en armas en contra del Virreinato, al convocarlos a todos a trav\u00e9s del sonar de las campanas de su parroquia y gritando con elocuencia los motivos por los cuales no pod\u00edan quedarse esperando sin participar en esta lucha.<\/p>\n\n\n\n<figure class=\"wp-block-image size-full\"><img fetchpriority=\"high\" decoding=\"async\" width=\"900\" height=\"463\" src=\"https:\/\/www.zunoticia.com\/noticias-de-hidalgo\/wp-content\/uploads\/2024\/09\/eZy-Watermark_15-09-2024_05-09-26-2180p.m.jpg\" alt=\"\" class=\"wp-image-561288\"\/><\/figure>\n\n\n\n<p>En Conmemoraci\u00f3n del 214 Aniversario del Grito de Independencia de M\u00e9xico, el H. Ayuntamiento de Jaltoc\u00e1n y servidores p\u00fablicos realizaron izamiento de Bandera a toda asta con honores de ordenanza, en la Plaza C\u00edvica de Palacio municipal.<\/p>\n\n\n\n<p>La ceremonia c\u00edvica se llev\u00f3 a cabo en punto de las 6:00 de la ma\u00f1ana en el Asta Monumental, con la participaci\u00f3n de autoridades de seguridad municipal, iniciando esta actividad, como parte de las festividades del llamado a la independencia de M\u00e9xico.<\/p>\n\n\n\n<p>El Presidente Municipal Guillermo amador Lara fue acompa\u00f1ado por los s\u00edndicos, regidores y directores de las diferentes \u00e1reas del Ayuntamiento, recordando que para la administraci\u00f3n municipal es primordial la promoci\u00f3n de la cultura y el civismo, el respeto a los s\u00edmbolos patrios y la educaci\u00f3n basada en los valores, dentro de la familia y principalmente entre nuevas&nbsp;generaciones.<\/p>\n\n\n\n<figure class=\"wp-block-image size-full\"><img decoding=\"async\" width=\"916\" height=\"485\" src=\"https:\/\/www.zunoticia.com\/noticias-de-hidalgo\/wp-content\/uploads\/2024\/09\/eZy-Watermark_15-09-2024_05-09-42-7070p.m.jpg\" alt=\"\" class=\"wp-image-561287\"\/><\/figure>\n","protected":false},"excerpt":{"rendered":"<p>Por Gabriela Hern\u00e1ndez\/Zunoticia Jaltoc\u00e1n, Hgo.- El 15 de septiembre dio lugar a uno de los eventos hist\u00f3ricos m\u00e1s importantes de nuestro pa\u00eds, pues marca el inicio de la lucha por la independencia de M\u00e9xico. El cura Hidalgo incit\u00f3 al pueblo de Dolores a levantarse en armas en contra del Virreinato, al convocarlos a todos a&hellip; <a class=\"more-link\" href=\"https:\/\/www.zunoticia.com\/noticias-de-hidalgo\/2024\/09\/16\/autoridades-conmemoraron-el-214-aniversario-del-grito-de-independencia-de-mexico\/\">Seguir leyendo <span class=\"screen-reader-text\">Autoridades conmemoraron el 214 aniversario del grito de independencia de M\u00e9xico<\/span><\/a><\/p>\n","protected":false},"author":13,"featured_media":561289,"comment_status":"open","ping_status":"open","sticky":false,"template":"","format":"standard","meta":{"rop_custom_images_group":[],"rop_custom_messages_group":[],"rop_publish_now":"yes","rop_publish_now_accounts":{"facebook_10159540855086992_322828327761733":"#Jaltoc\u00e1n #HuastecaHidalguense | El 15 de septiembre dio lugar a uno de los eventos hist\u00f3ricos m\u00e1s importantes de nuestro pa\u00eds, pues marca el inicio de la lucha por la independencia de M\u00e9xico."},"rop_publish_now_history":[],"rop_publish_now_status":"pending","footnotes":""},"categories":[179,200],"tags":[131],"class_list":["post-561373","post","type-post","status-publish","format-standard","has-post-thumbnail","hentry","category-huasteca","category-jaltocan","tag-jaltocan","entry"],"_links":{"self":[{"href":"https:\/\/www.zunoticia.com\/noticias-de-hidalgo\/wp-json\/wp\/v2\/posts\/561373","targetHints":{"allow":["GET"]}}],"collection":[{"href":"https:\/\/www.zunoticia.com\/noticias-de-hidalgo\/wp-json\/wp\/v2\/posts"}],"about":[{"href":"https:\/\/www.zunoticia.com\/noticias-de-hidalgo\/wp-json\/wp\/v2\/types\/post"}],"author":[{"embeddable":true,"href":"https:\/\/www.zunoticia.com\/noticias-de-hidalgo\/wp-json\/wp\/v2\/users\/13"}],"replies":[{"embeddable":true,"href":"https:\/\/www.zunoticia.com\/noticias-de-hidalgo\/wp-json\/wp\/v2\/comments?post=561373"}],"version-history":[{"count":1,"href":"https:\/\/www.zunoticia.com\/noticias-de-hidalgo\/wp-json\/wp\/v2\/posts\/561373\/revisions"}],"predecessor-version":[{"id":561374,"href":"https:\/\/www.zunoticia.com\/noticias-de-hidalgo\/wp-json\/wp\/v2\/posts\/561373\/revisions\/561374"}],"wp:featuredmedia":[{"embeddable":true,"href":"https:\/\/www.zunoticia.com\/noticias-de-hidalgo\/wp-json\/wp\/v2\/media\/561289"}],"wp:attachment":[{"href":"https:\/\/www.zunoticia.com\/noticias-de-hidalgo\/wp-json\/wp\/v2\/media?parent=561373"}],"wp:term":[{"taxonomy":"category","embeddable":true,"href":"https:\/\/www.zunoticia.com\/noticias-de-hidalgo\/wp-json\/wp\/v2\/categories?post=561373"},{"taxonomy":"post_tag","embeddable":true,"href":"https:\/\/www.zunoticia.com\/noticias-de-hidalgo\/wp-json\/wp\/v2\/tags?post=561373"}],"curies":[{"name":"wp","href":"https:\/\/api.w.org\/{rel}","templated":true}]}}