{"id":561375,"date":"2024-09-16T02:19:33","date_gmt":"2024-09-16T08:19:33","guid":{"rendered":"https:\/\/www.zunoticia.com\/noticias-de-hidalgo\/?p=561375"},"modified":"2024-09-16T02:19:36","modified_gmt":"2024-09-16T08:19:36","slug":"espejeando-por-perseo-1104","status":"publish","type":"post","link":"https:\/\/www.zunoticia.com\/noticias-de-hidalgo\/2024\/09\/16\/espejeando-por-perseo-1104\/","title":{"rendered":"Espejeando Por Perseo"},"content":{"rendered":"<aside class=\"mashsb-container mashsb-main mashsb-stretched\"><div class=\"mashsb-box\"><div class=\"mashsb-count mash-large\" style=\"float:left\"><div class=\"counts mashsbcount\">39<\/div><span class=\"mashsb-sharetext\">SHARES<\/span><\/div><div class=\"mashsb-buttons\"><a class=\"mashicon-facebook mash-large mash-center mashsb-noshadow\" href=\"https:\/\/www.facebook.com\/sharer.php?u=https%3A%2F%2Fwww.zunoticia.com%2Fnoticias-de-hidalgo%2F2024%2F09%2F16%2Fespejeando-por-perseo-1104%2F\" target=\"_top\" rel=\"nofollow\"><span class=\"icon\"><\/span><span class=\"text\">Share<\/span><\/a><a class=\"mashicon-twitter mash-large mash-center mashsb-noshadow\" href=\"https:\/\/twitter.com\/intent\/tweet?text=&amp;url=https:\/\/www.zunoticia.com\/noticias-de-hidalgo\/2024\/09\/16\/espejeando-por-perseo-1104\/\" target=\"_top\" rel=\"nofollow\"><span class=\"icon\"><\/span><span class=\"text\">Tweet<\/span><\/a><div class=\"onoffswitch2 mash-large mashsb-noshadow\" style=\"display:none\"><\/div><\/div>\n            <\/div>\n                <div style=\"clear:both\"><\/div><div class=\"mashsb-toggle-container\"><\/div><\/aside>\n            <!-- Share buttons by mashshare.net - Version: 4.0.47-->\n<p>\u2022 EL RUMOR SOBRE la salida del Subsecretario de Gobierno en la Huasteca, Marco Antonio Ramos Moguel, comenz\u00f3 a circular ayer por la noche, aunque no se hab\u00eda establecido si se trataba de una renuncia o de una destituci\u00f3n, la noticia no ha causado mucha sorpresa, puesto que ya se rumoraba que habr\u00eda cambios en esa representaci\u00f3n, e incluso se hab\u00edan mencionado ya algunos nombres al respecto.<\/p>\n\n\n\n<p>\u2022 Sobre las razones de la salida se comenta que podr\u00eda ser por cuestiones de salud, ya que el funcionario ha presentado complicaciones desde hace tiempo, aunque tambi\u00e9n se ha mencionado que podr\u00eda deberse a una indicaci\u00f3n directa del gobernador del estado, con la intenci\u00f3n de colocar a una figura que represente mejor los intereses del grupo en el gobierno.<\/p>\n\n\n\n<p>\u2022 Y es que era evidente que exist\u00eda ya un desgaste en la relaci\u00f3n entre el Subsecretario con las autoridades de las comunidades lo que deriv\u00f3 en que incluso fuera retenido en varias ocasiones, e incluso con los medios de comunicaci\u00f3n manten\u00eda una relaci\u00f3n distante, por lo que se desconoc\u00eda cual era la labor que se realizaba y como se realizaba.<\/p>\n\n\n\n<p>\u2022 Ahora se espera conocer de manera oficial el nombre de quien habr\u00e1 de ser nombrado nuevo representante del gobierno del estado en la huasteca, y una figura es el director de la Universidad Polit\u00e9cnica, quien ya anteriormente ha sido subsecretario de gobierno, y quien cuenta con la experiencia que se requiere, sobre todo por que conoce la forma en la que se debe trabajar con las comunidades, aunque tambi\u00e9n refieren los comentarios de una persona de Pachuca para esa responsabilidad.<\/p>\n\n\n\n<p>\u2022 LA CEREMONIA del grito de independencia encabezada por el alcalde Alfredo San Rom\u00e1n, cont\u00f3 con una gran afluencia de familias en la plaza principal, en donde destac\u00f3 sobre todo la seguridad que se implement\u00f3 en los accesos, ya que incluso se colocaron arcos detectores de armas, as\u00ed como tambi\u00e9n una revisi\u00f3n de los bolsos.<\/p>\n\n\n\n<p>\u2022 AS\u00cd MISMO los comerciantes locales pudieron tener una gran asistencia en sus establecimientos tal como esperaban, aunque en algunos casos hubo quejas por los precios que manejaron algunos, sobre todo los que se colocaron en la v\u00eda p\u00fablica provenientes de otros lugares.<\/p>\n\n\n\n<p>Este domingo se pudo estrenar la asta bandera reci\u00e9n colocada en la plaza de reloj, en donde adem\u00e1s qued\u00f3 ya abierto el pisal que pudo ser disfrutado por los visitantes durante la noche del grito, y que sirvi\u00f3 como escenario para que las familias pudieran tomarse la foto del recuerdo con las letras monumentales e iluminadas.<\/p>\n\n\n\n<p>Aunque no hubo una ceremonia de inauguraci\u00f3n del lugar, se ha mencionado que s\u00ed habr\u00e1 un acto protocolario por parte del Ayuntamiento, aunque todav\u00eda se siguen realizado algunos trabajos de remodelaci\u00f3n en otras \u00e1reas, como son lo pasillos que conectan a ambas plazas, aun cuando no se tiene una fecha determinada, se comenta que debe ser antes del inicio de las festividades de Xantolo.<\/p>\n\n\n\n<p>Lo que es cierto es que la administraci\u00f3n municipal ha ido poni\u00e9ndose la vara m\u00e1s alta en cada evento, ya que hasta ahora han logrado hacer la diferencia en cada una de las actividades p\u00fablicas que se han realizado, por lo que para las festividades de d\u00eda de muertos se espera que nuevamente se rompa con lo establecido.<\/p>\n","protected":false},"excerpt":{"rendered":"<p>\u2022 EL RUMOR SOBRE la salida del Subsecretario de Gobierno en la Huasteca, Marco Antonio Ramos Moguel, comenz\u00f3 a circular ayer por la noche, aunque no se hab\u00eda establecido si se trataba de una renuncia o de una destituci\u00f3n, la noticia no ha causado mucha sorpresa, puesto que ya se rumoraba que habr\u00eda cambios en&hellip; <a class=\"more-link\" href=\"https:\/\/www.zunoticia.com\/noticias-de-hidalgo\/2024\/09\/16\/espejeando-por-perseo-1104\/\">Seguir leyendo <span class=\"screen-reader-text\">Espejeando Por Perseo<\/span><\/a><\/p>\n","protected":false},"author":13,"featured_media":561376,"comment_status":"open","ping_status":"open","sticky":false,"template":"","format":"standard","meta":{"rop_custom_images_group":[],"rop_custom_messages_group":[],"rop_publish_now":"yes","rop_publish_now_accounts":{"facebook_10159540855086992_322828327761733":"#Espejeando | EL RUMOR SOBRE la salida del Subsecretario de Gobierno en la Huasteca, Marco Antonio Ramos Moguel, comenz\u00f3 a circular ayer por la noche, aunque no se hab\u00eda establecido si se trataba de una renuncia o de una destituci\u00f3n."},"rop_publish_now_history":[],"rop_publish_now_status":"pending","footnotes":""},"categories":[176],"tags":[205],"class_list":["post-561375","post","type-post","status-publish","format-standard","has-post-thumbnail","hentry","category-espejeando","tag-espejeando","entry"],"_links":{"self":[{"href":"https:\/\/www.zunoticia.com\/noticias-de-hidalgo\/wp-json\/wp\/v2\/posts\/561375","targetHints":{"allow":["GET"]}}],"collection":[{"href":"https:\/\/www.zunoticia.com\/noticias-de-hidalgo\/wp-json\/wp\/v2\/posts"}],"about":[{"href":"https:\/\/www.zunoticia.com\/noticias-de-hidalgo\/wp-json\/wp\/v2\/types\/post"}],"author":[{"embeddable":true,"href":"https:\/\/www.zunoticia.com\/noticias-de-hidalgo\/wp-json\/wp\/v2\/users\/13"}],"replies":[{"embeddable":true,"href":"https:\/\/www.zunoticia.com\/noticias-de-hidalgo\/wp-json\/wp\/v2\/comments?post=561375"}],"version-history":[{"count":1,"href":"https:\/\/www.zunoticia.com\/noticias-de-hidalgo\/wp-json\/wp\/v2\/posts\/561375\/revisions"}],"predecessor-version":[{"id":561377,"href":"https:\/\/www.zunoticia.com\/noticias-de-hidalgo\/wp-json\/wp\/v2\/posts\/561375\/revisions\/561377"}],"wp:featuredmedia":[{"embeddable":true,"href":"https:\/\/www.zunoticia.com\/noticias-de-hidalgo\/wp-json\/wp\/v2\/media\/561376"}],"wp:attachment":[{"href":"https:\/\/www.zunoticia.com\/noticias-de-hidalgo\/wp-json\/wp\/v2\/media?parent=561375"}],"wp:term":[{"taxonomy":"category","embeddable":true,"href":"https:\/\/www.zunoticia.com\/noticias-de-hidalgo\/wp-json\/wp\/v2\/categories?post=561375"},{"taxonomy":"post_tag","embeddable":true,"href":"https:\/\/www.zunoticia.com\/noticias-de-hidalgo\/wp-json\/wp\/v2\/tags?post=561375"}],"curies":[{"name":"wp","href":"https:\/\/api.w.org\/{rel}","templated":true}]}}