{"id":561635,"date":"2024-09-18T17:24:31","date_gmt":"2024-09-18T23:24:31","guid":{"rendered":"https:\/\/www.zunoticia.com\/noticias-de-hidalgo\/?p=561635"},"modified":"2024-09-18T17:24:32","modified_gmt":"2024-09-18T23:24:32","slug":"varios-dias-sin-agua-en-la-cabecera-municipal","status":"publish","type":"post","link":"https:\/\/www.zunoticia.com\/noticias-de-hidalgo\/2024\/09\/18\/varios-dias-sin-agua-en-la-cabecera-municipal\/","title":{"rendered":"Varios d\u00edas sin agua en la cabecera municipal"},"content":{"rendered":"<aside class=\"mashsb-container mashsb-main mashsb-stretched\"><div class=\"mashsb-box\"><div class=\"mashsb-count mash-large\" style=\"float:left\"><div class=\"counts mashsbcount\">29<\/div><span class=\"mashsb-sharetext\">SHARES<\/span><\/div><div class=\"mashsb-buttons\"><a class=\"mashicon-facebook mash-large mash-center mashsb-noshadow\" href=\"https:\/\/www.facebook.com\/sharer.php?u=https%3A%2F%2Fwww.zunoticia.com%2Fnoticias-de-hidalgo%2F2024%2F09%2F18%2Fvarios-dias-sin-agua-en-la-cabecera-municipal%2F\" target=\"_top\" rel=\"nofollow\"><span class=\"icon\"><\/span><span class=\"text\">Share<\/span><\/a><a class=\"mashicon-twitter mash-large mash-center mashsb-noshadow\" href=\"https:\/\/twitter.com\/intent\/tweet?text=&amp;url=https:\/\/www.zunoticia.com\/noticias-de-hidalgo\/2024\/09\/18\/varios-dias-sin-agua-en-la-cabecera-municipal\/\" target=\"_top\" rel=\"nofollow\"><span class=\"icon\"><\/span><span class=\"text\">Tweet<\/span><\/a><div class=\"onoffswitch2 mash-large mashsb-noshadow\" style=\"display:none\"><\/div><\/div>\n            <\/div>\n                <div style=\"clear:both\"><\/div><div class=\"mashsb-toggle-container\"><\/div><\/aside>\n            <!-- Share buttons by mashshare.net - Version: 4.0.47-->\n<p><em>Por Roberto Meza Ram\u00edrez \/Zunoticia<\/em><\/p>\n\n\n\n<p><strong>Yahualica, Hgo<\/strong>. &#8211; Habitantes de la cabecera municipal expresaron su malestar, ya que desde hace varios d\u00edas no tienen agua en sus domicilios a pesar de estar pagando el vital l\u00edquido, por lo que piden a las autoridades municipales que brinden especial atenci\u00f3n a esta problem\u00e1tica y resuelvan la situaci\u00f3n de la falta de agua.<\/p>\n\n\n\n<p>Juvencio Hern\u00e1ndez Hern\u00e1ndez, destac\u00f3 que, a este asunto las nuevas autoridades le deben dar una soluci\u00f3n definitiva, ya que a cada rato hay fallas en el sistema de bombeo y eso, hace que la poblaci\u00f3n se quede sin el vital l\u00edquido por varios d\u00edas, semanas e inclusive meses.<\/p>\n\n\n\n<p>Por lo que hacen un llamado a las autoridades municipales para que le ponga atenci\u00f3n al servicio de agua potable, ya que llevan varias semanas que carecen del agua en la cabecera municipal. Record\u00f3 \u201cla anterior administraci\u00f3n nos dej\u00f3 sin agua m\u00e1s de dos meses, no les import\u00f3 las carencias del l\u00edquido a pesar de que pagamos el agua anualmente y aun as\u00ed nos dejan sin servicio\u201d.<\/p>\n","protected":false},"excerpt":{"rendered":"<p>Por Roberto Meza Ram\u00edrez \/Zunoticia Yahualica, Hgo. &#8211; Habitantes de la cabecera municipal expresaron su malestar, ya que desde hace varios d\u00edas no tienen agua en sus domicilios a pesar de estar pagando el vital l\u00edquido, por lo que piden a las autoridades municipales que brinden especial atenci\u00f3n a esta problem\u00e1tica y resuelvan la situaci\u00f3n&hellip; <a class=\"more-link\" href=\"https:\/\/www.zunoticia.com\/noticias-de-hidalgo\/2024\/09\/18\/varios-dias-sin-agua-en-la-cabecera-municipal\/\">Seguir leyendo <span class=\"screen-reader-text\">Varios d\u00edas sin agua en la cabecera municipal<\/span><\/a><\/p>\n","protected":false},"author":20,"featured_media":561636,"comment_status":"open","ping_status":"open","sticky":false,"template":"","format":"standard","meta":{"rop_custom_images_group":[],"rop_custom_messages_group":[],"rop_publish_now":"yes","rop_publish_now_accounts":{"facebook_10159540855086992_322828327761733":""},"rop_publish_now_history":[],"rop_publish_now_status":"pending","footnotes":""},"categories":[179,203],"tags":[229,123],"class_list":["post-561635","post","type-post","status-publish","format-standard","has-post-thumbnail","hentry","category-huasteca","category-yahualica","tag-huasteca","tag-yahualica","entry"],"_links":{"self":[{"href":"https:\/\/www.zunoticia.com\/noticias-de-hidalgo\/wp-json\/wp\/v2\/posts\/561635","targetHints":{"allow":["GET"]}}],"collection":[{"href":"https:\/\/www.zunoticia.com\/noticias-de-hidalgo\/wp-json\/wp\/v2\/posts"}],"about":[{"href":"https:\/\/www.zunoticia.com\/noticias-de-hidalgo\/wp-json\/wp\/v2\/types\/post"}],"author":[{"embeddable":true,"href":"https:\/\/www.zunoticia.com\/noticias-de-hidalgo\/wp-json\/wp\/v2\/users\/20"}],"replies":[{"embeddable":true,"href":"https:\/\/www.zunoticia.com\/noticias-de-hidalgo\/wp-json\/wp\/v2\/comments?post=561635"}],"version-history":[{"count":1,"href":"https:\/\/www.zunoticia.com\/noticias-de-hidalgo\/wp-json\/wp\/v2\/posts\/561635\/revisions"}],"predecessor-version":[{"id":561637,"href":"https:\/\/www.zunoticia.com\/noticias-de-hidalgo\/wp-json\/wp\/v2\/posts\/561635\/revisions\/561637"}],"wp:featuredmedia":[{"embeddable":true,"href":"https:\/\/www.zunoticia.com\/noticias-de-hidalgo\/wp-json\/wp\/v2\/media\/561636"}],"wp:attachment":[{"href":"https:\/\/www.zunoticia.com\/noticias-de-hidalgo\/wp-json\/wp\/v2\/media?parent=561635"}],"wp:term":[{"taxonomy":"category","embeddable":true,"href":"https:\/\/www.zunoticia.com\/noticias-de-hidalgo\/wp-json\/wp\/v2\/categories?post=561635"},{"taxonomy":"post_tag","embeddable":true,"href":"https:\/\/www.zunoticia.com\/noticias-de-hidalgo\/wp-json\/wp\/v2\/tags?post=561635"}],"curies":[{"name":"wp","href":"https:\/\/api.w.org\/{rel}","templated":true}]}}