{"id":563329,"date":"2024-09-28T00:40:25","date_gmt":"2024-09-28T06:40:25","guid":{"rendered":"https:\/\/www.zunoticia.com\/noticias-de-hidalgo\/?p=563329"},"modified":"2024-09-28T00:40:26","modified_gmt":"2024-09-28T06:40:26","slug":"espejeando-por-perseo-huasteca-10","status":"publish","type":"post","link":"https:\/\/www.zunoticia.com\/noticias-de-hidalgo\/2024\/09\/28\/espejeando-por-perseo-huasteca-10\/","title":{"rendered":"ESPEJEANDO POR PERSEO Huasteca"},"content":{"rendered":"<aside class=\"mashsb-container mashsb-main mashsb-stretched\"><div class=\"mashsb-box\"><div class=\"mashsb-count mash-large\" style=\"float:left\"><div class=\"counts mashsbcount\">0<\/div><span class=\"mashsb-sharetext\">SHARES<\/span><\/div><div class=\"mashsb-buttons\"><a class=\"mashicon-facebook mash-large mash-center mashsb-noshadow\" href=\"https:\/\/www.facebook.com\/sharer.php?u=https%3A%2F%2Fwww.zunoticia.com%2Fnoticias-de-hidalgo%2F2024%2F09%2F28%2Fespejeando-por-perseo-huasteca-10%2F\" target=\"_top\" rel=\"nofollow\"><span class=\"icon\"><\/span><span class=\"text\">Share<\/span><\/a><a class=\"mashicon-twitter mash-large mash-center mashsb-noshadow\" href=\"https:\/\/twitter.com\/intent\/tweet?text=&amp;url=https:\/\/www.zunoticia.com\/noticias-de-hidalgo\/2024\/09\/28\/espejeando-por-perseo-huasteca-10\/\" target=\"_top\" rel=\"nofollow\"><span class=\"icon\"><\/span><span class=\"text\">Tweet<\/span><\/a><div class=\"onoffswitch2 mash-large mashsb-noshadow\" style=\"display:none\"><\/div><\/div>\n            <\/div>\n                <div style=\"clear:both\"><\/div><div class=\"mashsb-toggle-container\"><\/div><\/aside>\n            <!-- Share buttons by mashshare.net - Version: 4.0.47-->\n<p>\u2022 LA FALTA DE CERTEZA legal sobre sus propiedades en el municipio de Yahualica sigue generando la inconformidad de quienes habitan en la cabecera municipal, sobre todo de quienes no pertenecen a la zona ejidal, ya que refieren que hasta el momento ninguna dependencia que maneje el tema agrario ha querido entrarles a dar una resoluci\u00f3n.<\/p>\n\n\n\n<p>\u2022 Y es que se quejan que las autoridades ejidales pr\u00e1cticamente se han ido apropiando de todo el pueblo, al grado de afirmar que incluso la propia presidencia municipal les corresponde y se\u00f1alan los vecinos que pareciera que no solamente es el edificio, sino que quienes han estado al frente parecieran obedecer o al menos no se han querido meter con las autoridades ejidales, ni tampoco han presionado para que las instancias como el Tribunal Unitario Agrario emita un fallo.<\/p>\n\n\n\n<p>\u2022 Aunque tiene poco al frente de la administraci\u00f3n, lamentan que tampoco la alcaldesa, Francisca Lara Vel\u00e1zquez, haya escuchado sus reclamos, mientras tanto, los pobladores se mantienen en la incertidumbre de que sus propiedades no cuentan con una escritura, sin embargo, el ayuntamiento s\u00ed les aplica el cobro del predial, algo que consideran fuera de l\u00f3gica.<\/p>\n\n\n\n<p>\u2022 EN EL municipio de HUEJUTLA se preparan para dar inicio a las actividades xantoleras y es que el Ayuntamiento habr\u00e1 de organizar la presentaci\u00f3n de la primera ofrenda el pr\u00f3ximo domingo, con lo que oficialmente arrancan estas celebraciones, pero, hasta el momento la atenci\u00f3n se encuentra centrada en poder conocer el proyecto sobre la ornamentaci\u00f3n y distribuci\u00f3n de los espacios en la plaza 21 de Mayo para el mes de octubre.<\/p>\n\n\n\n<p>\u2022 Hay que recordar que de acuerdo con el director de desarrollo humano, Andr\u00e9s Arenas, se inform\u00f3 que una vez realizada la Audiencia P\u00fablica, se habr\u00e1 de esperar que se recopile la informaci\u00f3n y se pueda dar inicio con toda la organizaci\u00f3n, ya que a\u00fan cuando no se ha establecido una fecha determinada, se tiene que comenzar a trabajar a marchas forzadas.<\/p>\n\n\n\n<p>\u2022 QUIENES PARECEN haber roto el hielo son los regidores del Partido Verde Ecologista, ya que han buscado involucrarse con las acciones del ayuntamiento, pero, sobre todo, en el tema de la concientizaci\u00f3n de la poblaci\u00f3n sobre el manejo de la basura, esto debido a que ayer se implement\u00f3 una jornada de limpieza intensiva en las colonias, algo que ha sido caracter\u00edstico de las administraciones de Alfredo San Rom\u00e1n.<\/p>\n\n\n\n<p>\u2022 Sin embargo, a trav\u00e9s de las redes sociales se criticaba el hecho de que las propias personas ya no sean capaces ni de mantener barrido el frente de su casa, y se han atenido a que el Ayuntamiento realiza todo el trabajo y en ese mismo sentido el regidor Octavio Z\u00fa\u00f1iga, del Partido Verde, resaltaba que tiene que haber mayor conciencia de la ciudadan\u00eda en el manejo de su basura, ya que no todo depende del municipio.<\/p>\n\n\n\n<p>\u2022 La desventaja num\u00e9rica a la que enfrentan los diputado de oposici\u00f3n en el Congreso del Estado ha generado un sentimiento de desolaci\u00f3n al sentirse pr\u00e1cticamente apabullados por los legisladores de Morena y sus aliados, esto debido a que en las recientes aprobaciones de las reformas federales,&nbsp; pr\u00e1cticamente, han sido aprobadas sin mayor resistencia, sin necesidad de discutirlas, ya que los argumentos de los opositores como son PRI y PAN se convierten en voces en el desierto y ya se dieron cuenta de que se siente feo, como por d\u00e9cadas lo hicieron los priistas.<\/p>\n\n\n\n<p>\u2022&nbsp; Entre las iniciativas que aprobaron ayer est\u00e1 la incorporaci\u00f3n de la Guardia Nacional al Ej\u00e9rcito, la cual gener\u00f3 mayor controversia de parte de la oposici\u00f3n, al considerar que es un hecho la militarizaci\u00f3n de la Seguridad P\u00fablica, otro tema fue la Reforma a la Ley Ind\u00edgena, mediante la cual se habr\u00e1 de otorgar m\u00e1s facultades a los pueblos originarios, como es el hecho de poder manejar su presupuesto para obras y acciones, tal como ocurre con el programa la Escuela es Nuestra, un tema que no ha sido revisado a profundidad y que se presta para que ocurran los mismos problemas en el manejo de los recursos, que han derivado en la imposici\u00f3n de proveedores y hasta desv\u00edo de recursos de parte de los particulares que los manejan.<\/p>\n","protected":false},"excerpt":{"rendered":"<p>\u2022 LA FALTA DE CERTEZA legal sobre sus propiedades en el municipio de Yahualica sigue generando la inconformidad de quienes habitan en la cabecera municipal, sobre todo de quienes no pertenecen a la zona ejidal, ya que refieren que hasta el momento ninguna dependencia que maneje el tema agrario ha querido entrarles a dar una&hellip; <a class=\"more-link\" href=\"https:\/\/www.zunoticia.com\/noticias-de-hidalgo\/2024\/09\/28\/espejeando-por-perseo-huasteca-10\/\">Seguir leyendo <span class=\"screen-reader-text\">ESPEJEANDO POR PERSEO Huasteca<\/span><\/a><\/p>\n","protected":false},"author":12,"featured_media":563325,"comment_status":"open","ping_status":"open","sticky":false,"template":"","format":"standard","meta":{"rop_custom_images_group":[],"rop_custom_messages_group":[],"rop_publish_now":"initial","rop_publish_now_accounts":{"facebook_10159540855086992_322828327761733":""},"rop_publish_now_history":[],"rop_publish_now_status":"pending","footnotes":""},"categories":[176],"tags":[205],"class_list":["post-563329","post","type-post","status-publish","format-standard","has-post-thumbnail","hentry","category-espejeando","tag-espejeando","entry"],"_links":{"self":[{"href":"https:\/\/www.zunoticia.com\/noticias-de-hidalgo\/wp-json\/wp\/v2\/posts\/563329","targetHints":{"allow":["GET"]}}],"collection":[{"href":"https:\/\/www.zunoticia.com\/noticias-de-hidalgo\/wp-json\/wp\/v2\/posts"}],"about":[{"href":"https:\/\/www.zunoticia.com\/noticias-de-hidalgo\/wp-json\/wp\/v2\/types\/post"}],"author":[{"embeddable":true,"href":"https:\/\/www.zunoticia.com\/noticias-de-hidalgo\/wp-json\/wp\/v2\/users\/12"}],"replies":[{"embeddable":true,"href":"https:\/\/www.zunoticia.com\/noticias-de-hidalgo\/wp-json\/wp\/v2\/comments?post=563329"}],"version-history":[{"count":1,"href":"https:\/\/www.zunoticia.com\/noticias-de-hidalgo\/wp-json\/wp\/v2\/posts\/563329\/revisions"}],"predecessor-version":[{"id":563332,"href":"https:\/\/www.zunoticia.com\/noticias-de-hidalgo\/wp-json\/wp\/v2\/posts\/563329\/revisions\/563332"}],"wp:featuredmedia":[{"embeddable":true,"href":"https:\/\/www.zunoticia.com\/noticias-de-hidalgo\/wp-json\/wp\/v2\/media\/563325"}],"wp:attachment":[{"href":"https:\/\/www.zunoticia.com\/noticias-de-hidalgo\/wp-json\/wp\/v2\/media?parent=563329"}],"wp:term":[{"taxonomy":"category","embeddable":true,"href":"https:\/\/www.zunoticia.com\/noticias-de-hidalgo\/wp-json\/wp\/v2\/categories?post=563329"},{"taxonomy":"post_tag","embeddable":true,"href":"https:\/\/www.zunoticia.com\/noticias-de-hidalgo\/wp-json\/wp\/v2\/tags?post=563329"}],"curies":[{"name":"wp","href":"https:\/\/api.w.org\/{rel}","templated":true}]}}