{"id":563339,"date":"2024-09-28T00:53:59","date_gmt":"2024-09-28T06:53:59","guid":{"rendered":"https:\/\/www.zunoticia.com\/noticias-de-hidalgo\/?p=563339"},"modified":"2024-09-28T00:54:00","modified_gmt":"2024-09-28T06:54:00","slug":"recibimos-el-parque-ecologico-en-pesimas-condiciones-ssh","status":"publish","type":"post","link":"https:\/\/www.zunoticia.com\/noticias-de-hidalgo\/2024\/09\/28\/recibimos-el-parque-ecologico-en-pesimas-condiciones-ssh\/","title":{"rendered":"Recibimos el Parque Ecol\u00f3gico en p\u00e9simas condiciones: SSH"},"content":{"rendered":"<aside class=\"mashsb-container mashsb-main mashsb-stretched\"><div class=\"mashsb-box\"><div class=\"mashsb-count mash-large\" style=\"float:left\"><div class=\"counts mashsbcount\">0<\/div><span class=\"mashsb-sharetext\">SHARES<\/span><\/div><div class=\"mashsb-buttons\"><a class=\"mashicon-facebook mash-large mash-center mashsb-noshadow\" href=\"https:\/\/www.facebook.com\/sharer.php?u=https%3A%2F%2Fwww.zunoticia.com%2Fnoticias-de-hidalgo%2F2024%2F09%2F28%2Frecibimos-el-parque-ecologico-en-pesimas-condiciones-ssh%2F\" target=\"_top\" rel=\"nofollow\"><span class=\"icon\"><\/span><span class=\"text\">Share<\/span><\/a><a class=\"mashicon-twitter mash-large mash-center mashsb-noshadow\" href=\"https:\/\/twitter.com\/intent\/tweet?text=&amp;url=https:\/\/www.zunoticia.com\/noticias-de-hidalgo\/2024\/09\/28\/recibimos-el-parque-ecologico-en-pesimas-condiciones-ssh\/\" target=\"_top\" rel=\"nofollow\"><span class=\"icon\"><\/span><span class=\"text\">Tweet<\/span><\/a><div class=\"onoffswitch2 mash-large mashsb-noshadow\" style=\"display:none\"><\/div><\/div>\n            <\/div>\n                <div style=\"clear:both\"><\/div><div class=\"mashsb-toggle-container\"><\/div><\/aside>\n            <!-- Share buttons by mashshare.net - Version: 4.0.47-->\n<p><em>Por Jos\u00e9 Luis Romero Ruiz\/Zunoticia<\/em><\/p>\n\n\n\n<p><strong>Huejutla, Hgo.-<\/strong> El coordinador de Parque Ecol\u00f3gico de esta cabecera municipal, Salvador Santos Hern\u00e1ndez, coment\u00f3 en entrevista para Zunoticia que, recibieron de la del anterior administraci\u00f3n el Parque Ecol\u00f3gico en p\u00e9simas condiciones.<\/p>\n\n\n\n<p>Santos Hern\u00e1ndez se\u00f1al\u00f3 que, cuando ingresaron al Parque Ecol\u00f3gico presentaba una gran descuido, con maleza y pasto bastante alto, para colmo con escasez de herramientas y con desbrozadoras inservibles (de las 3 que existen, solo funciona una).<\/p>\n\n\n\n<p>\u201cEn este momento contamos en el \u00e1rea con seis personas incluyendo la secretaria y mi persona para para poder darle mantenimiento a este parque ecol\u00f3gico, obviamente falta personal, adem\u00e1s, las herramientas son necesarias para poder mantener en buenas condiciones este lugar, el cual es visitado por un sinf\u00edn de personas que acuden hacer ejercicio o simplemente a pasar un rato de esparcimiento\u201d.<\/p>\n\n\n\n<p>Sobre la contaminaci\u00f3n del lago artificial manifest\u00f3 que, la presidencia ya se estar\u00e1 haciendo cargo de ese tema y se pretende vaciar la laguna para poder lavar completamente el estanque, ya que presenta una importante contaminaci\u00f3n, para que la gente acuda a este lugar sin problema alguno.<\/p>\n\n\n\n<p>Salvador Santos coment\u00f3 que, el tema de la tirolesa fue una obra que se inici\u00f3 en la administraci\u00f3n anterior y que se concluir\u00e1 en este en periodo, solo est\u00e1n a la espera de que el constructor finalice la construcci\u00f3n para poder inaugurarla y la poblaci\u00f3n pueda hacer uso de ese atractivo.<\/p>\n\n\n\n<p>Para finalizar, el coordinador del Parque Ecol\u00f3gico, Salvador Santos Hern\u00e1ndez, hizo un llamado a la poblaci\u00f3n a que, si asisten a este a este lugar de recreaci\u00f3n y esparcimiento, que coloquen la basura en su lugar.<\/p>\n","protected":false},"excerpt":{"rendered":"<p>Por Jos\u00e9 Luis Romero Ruiz\/Zunoticia Huejutla, Hgo.- El coordinador de Parque Ecol\u00f3gico de esta cabecera municipal, Salvador Santos Hern\u00e1ndez, coment\u00f3 en entrevista para Zunoticia que, recibieron de la del anterior administraci\u00f3n el Parque Ecol\u00f3gico en p\u00e9simas condiciones. Santos Hern\u00e1ndez se\u00f1al\u00f3 que, cuando ingresaron al Parque Ecol\u00f3gico presentaba una gran descuido, con maleza y pasto bastante&hellip; <a class=\"more-link\" href=\"https:\/\/www.zunoticia.com\/noticias-de-hidalgo\/2024\/09\/28\/recibimos-el-parque-ecologico-en-pesimas-condiciones-ssh\/\">Seguir leyendo <span class=\"screen-reader-text\">Recibimos el Parque Ecol\u00f3gico en p\u00e9simas condiciones: SSH<\/span><\/a><\/p>\n","protected":false},"author":12,"featured_media":563290,"comment_status":"open","ping_status":"open","sticky":false,"template":"","format":"standard","meta":{"rop_custom_images_group":[],"rop_custom_messages_group":[],"rop_publish_now":"initial","rop_publish_now_accounts":{"facebook_10159540855086992_322828327761733":""},"rop_publish_now_history":[],"rop_publish_now_status":"pending","footnotes":""},"categories":[181],"tags":[121],"class_list":["post-563339","post","type-post","status-publish","format-standard","has-post-thumbnail","hentry","category-huejutla","tag-huejutla","entry"],"_links":{"self":[{"href":"https:\/\/www.zunoticia.com\/noticias-de-hidalgo\/wp-json\/wp\/v2\/posts\/563339","targetHints":{"allow":["GET"]}}],"collection":[{"href":"https:\/\/www.zunoticia.com\/noticias-de-hidalgo\/wp-json\/wp\/v2\/posts"}],"about":[{"href":"https:\/\/www.zunoticia.com\/noticias-de-hidalgo\/wp-json\/wp\/v2\/types\/post"}],"author":[{"embeddable":true,"href":"https:\/\/www.zunoticia.com\/noticias-de-hidalgo\/wp-json\/wp\/v2\/users\/12"}],"replies":[{"embeddable":true,"href":"https:\/\/www.zunoticia.com\/noticias-de-hidalgo\/wp-json\/wp\/v2\/comments?post=563339"}],"version-history":[{"count":1,"href":"https:\/\/www.zunoticia.com\/noticias-de-hidalgo\/wp-json\/wp\/v2\/posts\/563339\/revisions"}],"predecessor-version":[{"id":563340,"href":"https:\/\/www.zunoticia.com\/noticias-de-hidalgo\/wp-json\/wp\/v2\/posts\/563339\/revisions\/563340"}],"wp:featuredmedia":[{"embeddable":true,"href":"https:\/\/www.zunoticia.com\/noticias-de-hidalgo\/wp-json\/wp\/v2\/media\/563290"}],"wp:attachment":[{"href":"https:\/\/www.zunoticia.com\/noticias-de-hidalgo\/wp-json\/wp\/v2\/media?parent=563339"}],"wp:term":[{"taxonomy":"category","embeddable":true,"href":"https:\/\/www.zunoticia.com\/noticias-de-hidalgo\/wp-json\/wp\/v2\/categories?post=563339"},{"taxonomy":"post_tag","embeddable":true,"href":"https:\/\/www.zunoticia.com\/noticias-de-hidalgo\/wp-json\/wp\/v2\/tags?post=563339"}],"curies":[{"name":"wp","href":"https:\/\/api.w.org\/{rel}","templated":true}]}}