{"id":563372,"date":"2024-09-28T14:23:25","date_gmt":"2024-09-28T20:23:25","guid":{"rendered":"https:\/\/www.zunoticia.com\/noticias-de-hidalgo\/?p=563372"},"modified":"2024-09-28T14:23:26","modified_gmt":"2024-09-28T20:23:26","slug":"ya-fue-localizada-la-menor-de-17-anos-reportada-como-desaparecida","status":"publish","type":"post","link":"https:\/\/www.zunoticia.com\/noticias-de-hidalgo\/2024\/09\/28\/ya-fue-localizada-la-menor-de-17-anos-reportada-como-desaparecida\/","title":{"rendered":"Ya fue localizada la menor de 17 a\u00f1os, reportada como desaparecida"},"content":{"rendered":"<aside class=\"mashsb-container mashsb-main mashsb-stretched\"><div class=\"mashsb-box\"><div class=\"mashsb-count mash-large\" style=\"float:left\"><div class=\"counts mashsbcount\">0<\/div><span class=\"mashsb-sharetext\">SHARES<\/span><\/div><div class=\"mashsb-buttons\"><a class=\"mashicon-facebook mash-large mash-center mashsb-noshadow\" href=\"https:\/\/www.facebook.com\/sharer.php?u=https%3A%2F%2Fwww.zunoticia.com%2Fnoticias-de-hidalgo%2F2024%2F09%2F28%2Fya-fue-localizada-la-menor-de-17-anos-reportada-como-desaparecida%2F\" target=\"_top\" rel=\"nofollow\"><span class=\"icon\"><\/span><span class=\"text\">Share<\/span><\/a><a class=\"mashicon-twitter mash-large mash-center mashsb-noshadow\" href=\"https:\/\/twitter.com\/intent\/tweet?text=&amp;url=https:\/\/www.zunoticia.com\/noticias-de-hidalgo\/2024\/09\/28\/ya-fue-localizada-la-menor-de-17-anos-reportada-como-desaparecida\/\" target=\"_top\" rel=\"nofollow\"><span class=\"icon\"><\/span><span class=\"text\">Tweet<\/span><\/a><div class=\"onoffswitch2 mash-large mashsb-noshadow\" style=\"display:none\"><\/div><\/div>\n            <\/div>\n                <div style=\"clear:both\"><\/div><div class=\"mashsb-toggle-container\"><\/div><\/aside>\n            <!-- Share buttons by mashshare.net - Version: 4.0.47-->\n<ul class=\"wp-block-list\">\n<li>Fue boletinada mediante una ficha de b\u00fasqueda para su localizaci\u00f3n. Se present\u00f3 de manera voluntaria ante SPE.<\/li>\n<\/ul>\n\n\n\n<p><em>Por Georgina Jaramillo\/Zunoticia<\/em><\/p>\n\n\n\n<p><strong>Zacualtip\u00e1n de \u00c1ngeles, Hgo.-<\/strong> Fue a trav\u00e9s de su cuenta de Facebook que, Lisbeth N., envi\u00f3 un mensaje escrito para anunciar que no estaba perdida y se encontraba bien; adem\u00e1s de denunciar supuesto maltrato por parte de sus padres.&nbsp;&nbsp;<\/p>\n\n\n\n<p>\u201cHola amigos les dejo esto para que puedan ver la realidad de las cosas y vean como no estoy desaparecida, como estoy bien, si me he ido es por el maltrato que me han dado mis papas, ya dej\u00e9monos de cosas que no van y dejemos de culpar a personas que no tienen culpa, que mis pap\u00e1s se hagan responsables y digan la verdad, les dejo estos audios para que vean la realidad de todo\u201d, fue el mensaje.<\/p>\n\n\n\n<p>En su muro de Facebook fueron subidas al menos tres grabaciones, en las que se escucha la voz de quienes se presume son sus padres.<\/p>\n\n\n\n<p>&nbsp;M\u00e1s tarde, fue informado v\u00eda telef\u00f3nica por autoridades de Seguridad P\u00fablica del Estado de Zacualtip\u00e1n que, la menor acudi\u00f3 de manera voluntaria a las oficinas de la corporaci\u00f3n policiaca, durante la ma\u00f1ana del s\u00e1bado 28 de septiembre.<\/p>\n\n\n\n<p>Debido a que existe una carpeta de investigaci\u00f3n por la supuesta desaparici\u00f3n de la adolescente, tendr\u00eda que ser traslada a Pachuca y puesta a disposici\u00f3n de la Agencia de la Defensa del Menor.<\/p>\n","protected":false},"excerpt":{"rendered":"<p>Por Georgina Jaramillo\/Zunoticia Zacualtip\u00e1n de \u00c1ngeles, Hgo.- Fue a trav\u00e9s de su cuenta de Facebook que, Lisbeth N., envi\u00f3 un mensaje escrito para anunciar que no estaba perdida y se encontraba bien; adem\u00e1s de denunciar supuesto maltrato por parte de sus padres.&nbsp;&nbsp; \u201cHola amigos les dejo esto para que puedan ver la realidad de las&hellip; <a class=\"more-link\" href=\"https:\/\/www.zunoticia.com\/noticias-de-hidalgo\/2024\/09\/28\/ya-fue-localizada-la-menor-de-17-anos-reportada-como-desaparecida\/\">Seguir leyendo <span class=\"screen-reader-text\">Ya fue localizada la menor de 17 a\u00f1os, reportada como desaparecida<\/span><\/a><\/p>\n","protected":false},"author":20,"featured_media":563375,"comment_status":"open","ping_status":"open","sticky":false,"template":"","format":"standard","meta":{"rop_custom_images_group":[],"rop_custom_messages_group":[],"rop_publish_now":"initial","rop_publish_now_accounts":{"facebook_10159540855086992_322828327761733":""},"rop_publish_now_history":[],"rop_publish_now_status":"pending","footnotes":""},"categories":[433,441],"tags":[436,302],"class_list":["post-563372","post","type-post","status-publish","format-standard","has-post-thumbnail","hentry","category-sierra-alta","category-zacualtipan-sierra-alta","tag-sierra-alta","tag-zacualtipan","entry"],"_links":{"self":[{"href":"https:\/\/www.zunoticia.com\/noticias-de-hidalgo\/wp-json\/wp\/v2\/posts\/563372","targetHints":{"allow":["GET"]}}],"collection":[{"href":"https:\/\/www.zunoticia.com\/noticias-de-hidalgo\/wp-json\/wp\/v2\/posts"}],"about":[{"href":"https:\/\/www.zunoticia.com\/noticias-de-hidalgo\/wp-json\/wp\/v2\/types\/post"}],"author":[{"embeddable":true,"href":"https:\/\/www.zunoticia.com\/noticias-de-hidalgo\/wp-json\/wp\/v2\/users\/20"}],"replies":[{"embeddable":true,"href":"https:\/\/www.zunoticia.com\/noticias-de-hidalgo\/wp-json\/wp\/v2\/comments?post=563372"}],"version-history":[{"count":1,"href":"https:\/\/www.zunoticia.com\/noticias-de-hidalgo\/wp-json\/wp\/v2\/posts\/563372\/revisions"}],"predecessor-version":[{"id":563376,"href":"https:\/\/www.zunoticia.com\/noticias-de-hidalgo\/wp-json\/wp\/v2\/posts\/563372\/revisions\/563376"}],"wp:featuredmedia":[{"embeddable":true,"href":"https:\/\/www.zunoticia.com\/noticias-de-hidalgo\/wp-json\/wp\/v2\/media\/563375"}],"wp:attachment":[{"href":"https:\/\/www.zunoticia.com\/noticias-de-hidalgo\/wp-json\/wp\/v2\/media?parent=563372"}],"wp:term":[{"taxonomy":"category","embeddable":true,"href":"https:\/\/www.zunoticia.com\/noticias-de-hidalgo\/wp-json\/wp\/v2\/categories?post=563372"},{"taxonomy":"post_tag","embeddable":true,"href":"https:\/\/www.zunoticia.com\/noticias-de-hidalgo\/wp-json\/wp\/v2\/tags?post=563372"}],"curies":[{"name":"wp","href":"https:\/\/api.w.org\/{rel}","templated":true}]}}