{"id":563404,"date":"2024-09-28T17:57:30","date_gmt":"2024-09-28T23:57:30","guid":{"rendered":"https:\/\/www.zunoticia.com\/noticias-de-hidalgo\/?p=563404"},"modified":"2024-09-28T17:57:31","modified_gmt":"2024-09-28T23:57:31","slug":"celebraran-el-dia-nacional-del-maiz-2","status":"publish","type":"post","link":"https:\/\/www.zunoticia.com\/noticias-de-hidalgo\/2024\/09\/28\/celebraran-el-dia-nacional-del-maiz-2\/","title":{"rendered":"Celebrar\u00e1n el D\u00eda Nacional del Ma\u00edz"},"content":{"rendered":"<aside class=\"mashsb-container mashsb-main mashsb-stretched\"><div class=\"mashsb-box\"><div class=\"mashsb-count mash-large\" style=\"float:left\"><div class=\"counts mashsbcount\">46<\/div><span class=\"mashsb-sharetext\">SHARES<\/span><\/div><div class=\"mashsb-buttons\"><a class=\"mashicon-facebook mash-large mash-center mashsb-noshadow\" href=\"https:\/\/www.facebook.com\/sharer.php?u=https%3A%2F%2Fwww.zunoticia.com%2Fnoticias-de-hidalgo%2F2024%2F09%2F28%2Fcelebraran-el-dia-nacional-del-maiz-2%2F\" target=\"_top\" rel=\"nofollow\"><span class=\"icon\"><\/span><span class=\"text\">Share<\/span><\/a><a class=\"mashicon-twitter mash-large mash-center mashsb-noshadow\" href=\"https:\/\/twitter.com\/intent\/tweet?text=&amp;url=https:\/\/www.zunoticia.com\/noticias-de-hidalgo\/2024\/09\/28\/celebraran-el-dia-nacional-del-maiz-2\/\" target=\"_top\" rel=\"nofollow\"><span class=\"icon\"><\/span><span class=\"text\">Tweet<\/span><\/a><div class=\"onoffswitch2 mash-large mashsb-noshadow\" style=\"display:none\"><\/div><\/div>\n            <\/div>\n                <div style=\"clear:both\"><\/div><div class=\"mashsb-toggle-container\"><\/div><\/aside>\n            <!-- Share buttons by mashshare.net - Version: 4.0.47-->\n<p><em>Por Enedino Hern\u00e1ndez\/Zunoticia<\/em><\/p>\n\n\n\n<p><strong>Huejutla, Hgo.-<\/strong> Productores del campo de esta zona de la huasteca se preparan para llevar a cabo la celebraci\u00f3n del D\u00eda Nacional del Ma\u00edz, actividad que se ha programado para a las 09:00 horas, del lunes 30 de septiembre, en la poblaci\u00f3n de Ohuatipa, del municipio de Xochiatipan.<\/p>\n\n\n\n<p>El T\u00e9cnico Social de la Estrategia de Acompa\u00f1amiento T\u00e9cnico del Programa Producci\u00f3n para el Bienestar, Uriel Lara; confirm\u00f3 que el ma\u00edz es nuestro cuerpo y nuestra alma.<\/p>\n\n\n\n<p>Se\u00f1al\u00f3 que, el objetivo del evento es conmemorar al ma\u00edz y reconocer el relevante papel que juega este grano en la econom\u00eda nacional, la alimentaci\u00f3n, la cultura y las tradiciones de los mexicanos, as\u00ed como la importante labor de los productores del campo, debido a que esta planta representa el pilar de la alimentaci\u00f3n mexicana y una manifestaci\u00f3n cultural de origen ancestral.<\/p>\n\n\n\n<p>Seg\u00fan la programaci\u00f3n que se tiene con motivo de la celebraci\u00f3n del D\u00eda Nacional del Ma\u00edz, las actividades inician con la llegada de productores, un desayuno y el registro correspondiente.<\/p>\n\n\n\n<p>Asimismo, se tendr\u00e1 el Desfile de los productores, la presentaci\u00f3n de asistentes, el mensaje de bienvenida, la exposici\u00f3n de motivos y rese\u00f1a del d\u00eda del ma\u00edz; la inauguraci\u00f3n correspondiente y el Ritual del elote.<\/p>\n\n\n\n<p>Adem\u00e1s, se tendr\u00e1 la presentaci\u00f3n de la Danza del elote y la danza tradicional de inditas, luego la pr\u00e1ctica de elaboraci\u00f3n de Microorganismos de monta\u00f1a, la presentaci\u00f3n de colecci\u00f3n de semillas nativas del territorio en que trabaja la EAT.<\/p>\n\n\n\n<p>Las actividades concluir\u00e1n con la presentaci\u00f3n de bioinsumos aplicados en la transici\u00f3n agroecol\u00f3gica (Stand) y el Aporte de los polinizadores a la producci\u00f3n de alimentos (Stand), as\u00ed como una Muestra gastron\u00f3mica.<\/p>\n\n\n\n<figure class=\"wp-block-gallery has-nested-images columns-default is-cropped wp-block-gallery-1 is-layout-flex wp-block-gallery-is-layout-flex\">\n<figure class=\"wp-block-image size-large\"><img fetchpriority=\"high\" decoding=\"async\" width=\"933\" height=\"524\" data-id=\"563408\" src=\"https:\/\/www.zunoticia.com\/noticias-de-hidalgo\/wp-content\/uploads\/2024\/09\/Zunoticia-Huejutla-3-25.png\" alt=\"\" class=\"wp-image-563408\"\/><\/figure>\n\n\n\n<figure class=\"wp-block-image size-large\"><img decoding=\"async\" width=\"933\" height=\"524\" data-id=\"563407\" src=\"https:\/\/www.zunoticia.com\/noticias-de-hidalgo\/wp-content\/uploads\/2024\/09\/Zunoticia-Huejutla-2-72.png\" alt=\"\" class=\"wp-image-563407\"\/><\/figure>\n\n\n\n<figure class=\"wp-block-image size-large\"><img decoding=\"async\" width=\"933\" height=\"524\" data-id=\"563406\" src=\"https:\/\/www.zunoticia.com\/noticias-de-hidalgo\/wp-content\/uploads\/2024\/09\/Zunoticia-Huejutla-1-207.png\" alt=\"\" class=\"wp-image-563406\"\/><\/figure>\n<\/figure>\n","protected":false},"excerpt":{"rendered":"<p>Por Enedino Hern\u00e1ndez\/Zunoticia Huejutla, Hgo.- Productores del campo de esta zona de la huasteca se preparan para llevar a cabo la celebraci\u00f3n del D\u00eda Nacional del Ma\u00edz, actividad que se ha programado para a las 09:00 horas, del lunes 30 de septiembre, en la poblaci\u00f3n de Ohuatipa, del municipio de Xochiatipan. El T\u00e9cnico Social de&hellip; <a class=\"more-link\" href=\"https:\/\/www.zunoticia.com\/noticias-de-hidalgo\/2024\/09\/28\/celebraran-el-dia-nacional-del-maiz-2\/\">Seguir leyendo <span class=\"screen-reader-text\">Celebrar\u00e1n el D\u00eda Nacional del Ma\u00edz<\/span><\/a><\/p>\n","protected":false},"author":20,"featured_media":563405,"comment_status":"open","ping_status":"open","sticky":false,"template":"","format":"standard","meta":{"rop_custom_images_group":[],"rop_custom_messages_group":[],"rop_publish_now":"initial","rop_publish_now_accounts":{"facebook_10159540855086992_322828327761733":""},"rop_publish_now_history":[],"rop_publish_now_status":"pending","footnotes":""},"categories":[181],"tags":[121],"class_list":["post-563404","post","type-post","status-publish","format-standard","has-post-thumbnail","hentry","category-huejutla","tag-huejutla","entry"],"_links":{"self":[{"href":"https:\/\/www.zunoticia.com\/noticias-de-hidalgo\/wp-json\/wp\/v2\/posts\/563404","targetHints":{"allow":["GET"]}}],"collection":[{"href":"https:\/\/www.zunoticia.com\/noticias-de-hidalgo\/wp-json\/wp\/v2\/posts"}],"about":[{"href":"https:\/\/www.zunoticia.com\/noticias-de-hidalgo\/wp-json\/wp\/v2\/types\/post"}],"author":[{"embeddable":true,"href":"https:\/\/www.zunoticia.com\/noticias-de-hidalgo\/wp-json\/wp\/v2\/users\/20"}],"replies":[{"embeddable":true,"href":"https:\/\/www.zunoticia.com\/noticias-de-hidalgo\/wp-json\/wp\/v2\/comments?post=563404"}],"version-history":[{"count":1,"href":"https:\/\/www.zunoticia.com\/noticias-de-hidalgo\/wp-json\/wp\/v2\/posts\/563404\/revisions"}],"predecessor-version":[{"id":563409,"href":"https:\/\/www.zunoticia.com\/noticias-de-hidalgo\/wp-json\/wp\/v2\/posts\/563404\/revisions\/563409"}],"wp:featuredmedia":[{"embeddable":true,"href":"https:\/\/www.zunoticia.com\/noticias-de-hidalgo\/wp-json\/wp\/v2\/media\/563405"}],"wp:attachment":[{"href":"https:\/\/www.zunoticia.com\/noticias-de-hidalgo\/wp-json\/wp\/v2\/media?parent=563404"}],"wp:term":[{"taxonomy":"category","embeddable":true,"href":"https:\/\/www.zunoticia.com\/noticias-de-hidalgo\/wp-json\/wp\/v2\/categories?post=563404"},{"taxonomy":"post_tag","embeddable":true,"href":"https:\/\/www.zunoticia.com\/noticias-de-hidalgo\/wp-json\/wp\/v2\/tags?post=563404"}],"curies":[{"name":"wp","href":"https:\/\/api.w.org\/{rel}","templated":true}]}}