{"id":564210,"date":"2024-10-03T00:03:24","date_gmt":"2024-10-03T06:03:24","guid":{"rendered":"https:\/\/www.zunoticia.com\/noticias-de-hidalgo\/?p=564210"},"modified":"2024-10-03T00:03:26","modified_gmt":"2024-10-03T06:03:26","slug":"se-llevo-a-cabo-la-instalacion-del-comite-para-el-desarrollo-municipal-2024-2027","status":"publish","type":"post","link":"https:\/\/www.zunoticia.com\/noticias-de-hidalgo\/2024\/10\/03\/se-llevo-a-cabo-la-instalacion-del-comite-para-el-desarrollo-municipal-2024-2027\/","title":{"rendered":"Se llev\u00f3 a cabo la instalaci\u00f3n del Comit\u00e9 para el Desarrollo Municipal 2024- 2027"},"content":{"rendered":"<aside class=\"mashsb-container mashsb-main mashsb-stretched\"><div class=\"mashsb-box\"><div class=\"mashsb-count mash-large\" style=\"float:left\"><div class=\"counts mashsbcount\">0<\/div><span class=\"mashsb-sharetext\">SHARES<\/span><\/div><div class=\"mashsb-buttons\"><a class=\"mashicon-facebook mash-large mash-center mashsb-noshadow\" href=\"https:\/\/www.facebook.com\/sharer.php?u=https%3A%2F%2Fwww.zunoticia.com%2Fnoticias-de-hidalgo%2F2024%2F10%2F03%2Fse-llevo-a-cabo-la-instalacion-del-comite-para-el-desarrollo-municipal-2024-2027%2F\" target=\"_top\" rel=\"nofollow\"><span class=\"icon\"><\/span><span class=\"text\">Share<\/span><\/a><a class=\"mashicon-twitter mash-large mash-center mashsb-noshadow\" href=\"https:\/\/twitter.com\/intent\/tweet?text=&amp;url=https:\/\/www.zunoticia.com\/noticias-de-hidalgo\/2024\/10\/03\/se-llevo-a-cabo-la-instalacion-del-comite-para-el-desarrollo-municipal-2024-2027\/\" target=\"_top\" rel=\"nofollow\"><span class=\"icon\"><\/span><span class=\"text\">Tweet<\/span><\/a><div class=\"onoffswitch2 mash-large mashsb-noshadow\" style=\"display:none\"><\/div><\/div>\n            <\/div>\n                <div style=\"clear:both\"><\/div><div class=\"mashsb-toggle-container\"><\/div><\/aside>\n            <!-- Share buttons by mashshare.net - Version: 4.0.47-->\n<p><em>Por Esmeralda Vargas\/Zunoticia<\/em><\/p>\n\n\n\n<p><strong>San Agust\u00edn Metzquititl\u00e1n, Hgo.-<\/strong> La instalaci\u00f3n del Comit\u00e9 de Planeaci\u00f3n para el Desarrollo Municipal (COPLADEM) se llev\u00f3 a cabo en una sesi\u00f3n ordinaria, un encuentro clave para la planificaci\u00f3n y desarrollo del municipio.<\/p>\n\n\n\n<p>El evento fue encabezado por el Presidente Municipal Constitucional, Germ\u00e1n Hern\u00e1ndez P\u00e9rez, quien agradeci\u00f3 la activa participaci\u00f3n de los delegados de los distintos barrios y comunidades, resaltando la importancia de su voz en la toma de decisiones.<\/p>\n\n\n\n<p>La reuni\u00f3n comenz\u00f3 con la lectura del protocolo, conforme a los art\u00edculos 25 y 26 de la Constituci\u00f3n Pol\u00edtica del Estado de Hidalgo y a los art\u00edculos 5, 6, 16, 42 y 43 de la Ley de Planeaci\u00f3n y Constructiva del Estado; esta formalidad es fundamental para asegurar que todas las decisiones y acciones se alineen con el marco legal vigente.<\/p>\n\n\n\n<p>Durante el pase de lista se constat\u00f3 la presencia de importantes figuras dentro del gobierno municipal, entre ellas la Licenciada Marinali Mendoza Ram\u00edrez, directora de planeaci\u00f3n en representaci\u00f3n del Maestro Miguel \u00c1ngel T\u00e9llez; el Maestro Jos\u00e9 Cirilo G\u00f3mez L\u00f3pez, secretario general y vocal del comit\u00e9; el contador p\u00fablico Antonio Trejo P\u00e9rez, director de Hacienda Municipal y vocal; y la Licenciada Mayananci Mart\u00ednez Osorio, s\u00edndico procurador y vocal. Adem\u00e1s, participaron la Licenciada Paola Trejo Rivera y Enid Shecid L\u00f3pez Soto, ambas regidoras del ayuntamiento y vocales en el comit\u00e9. La concurrencia de estas autoridades refleja el compromiso del gobierno con una planificaci\u00f3n inclusiva y efectiva.<\/p>\n\n\n\n<p>Despu\u00e9s del pase de lista, se realiz\u00f3 la declaratoria del c\u00f3digo legal, seguido por la aprobaci\u00f3n de la instalaci\u00f3n del COPLADEM mediante un levantamiento de manos. Este paso es crucial para garantizar la legitimidad del comit\u00e9 y sus decisiones.<\/p>\n\n\n\n<p>Posterior a ello, el secretario t\u00e9cnico del COPLADEM present\u00f3 la exposici\u00f3n de motivos, en la cual destac\u00f3 la importancia de la colaboraci\u00f3n entre las distintas \u00e1reas del gobierno y los representantes comunitarios para abordar los diversos puntos del orden del d\u00eda, se subray\u00f3 la necesidad de un enfoque integral en la planeaci\u00f3n que contemple las necesidades de todos los sectores de la sociedad.<\/p>\n\n\n\n<p>Aunado a ello se llev\u00f3 a cabo la toma de protesta de los integrantes del COPLADEM, un acto simb\u00f3lico que reafirma el compromiso de cada miembro para trabajar en pro del desarrollo municipal.<\/p>\n\n\n\n<p>La coordinaci\u00f3n general del COPLADEM tambi\u00e9n dirigi\u00f3 un mensaje a los presentes, enfatizando la importancia de la participaci\u00f3n ciudadana y la transparencia en los procesos de planeaci\u00f3n.<\/p>\n\n\n\n<p>Finalmente, la sesi\u00f3n concluy\u00f3 con el cierre formal y la firma del acta, un documento que formaliza los acuerdos alcanzados y sienta las bases para un a\u00f1o de trabajo en conjunto por el bienestar del municipio.<\/p>\n\n\n\n<p>Con estas acciones el COPLADEM reafirma su papel como un organismo fundamental en la estructura de gobernanza local, abriendo espacios para la participaci\u00f3n activa de los ciudadanos en la construcci\u00f3n de un futuro pr\u00f3spero para&nbsp;el&nbsp;municipio.<\/p>\n","protected":false},"excerpt":{"rendered":"<p>Por Esmeralda Vargas\/Zunoticia San Agust\u00edn Metzquititl\u00e1n, Hgo.- La instalaci\u00f3n del Comit\u00e9 de Planeaci\u00f3n para el Desarrollo Municipal (COPLADEM) se llev\u00f3 a cabo en una sesi\u00f3n ordinaria, un encuentro clave para la planificaci\u00f3n y desarrollo del municipio. El evento fue encabezado por el Presidente Municipal Constitucional, Germ\u00e1n Hern\u00e1ndez P\u00e9rez, quien agradeci\u00f3 la activa participaci\u00f3n de los&hellip; <a class=\"more-link\" href=\"https:\/\/www.zunoticia.com\/noticias-de-hidalgo\/2024\/10\/03\/se-llevo-a-cabo-la-instalacion-del-comite-para-el-desarrollo-municipal-2024-2027\/\">Seguir leyendo <span class=\"screen-reader-text\">Se llev\u00f3 a cabo la instalaci\u00f3n del Comit\u00e9 para el Desarrollo Municipal 2024- 2027<\/span><\/a><\/p>\n","protected":false},"author":12,"featured_media":564164,"comment_status":"open","ping_status":"open","sticky":false,"template":"","format":"standard","meta":{"rop_custom_images_group":[],"rop_custom_messages_group":[],"rop_publish_now":"initial","rop_publish_now_accounts":{"facebook_10159540855086992_322828327761733":""},"rop_publish_now_history":[],"rop_publish_now_status":"pending","footnotes":""},"categories":[443,433],"tags":[300],"class_list":["post-564210","post","type-post","status-publish","format-standard","has-post-thumbnail","hentry","category-san-agustin-metzquititlan","category-sierra-alta","tag-san-agustin-metzquititlan","entry"],"_links":{"self":[{"href":"https:\/\/www.zunoticia.com\/noticias-de-hidalgo\/wp-json\/wp\/v2\/posts\/564210","targetHints":{"allow":["GET"]}}],"collection":[{"href":"https:\/\/www.zunoticia.com\/noticias-de-hidalgo\/wp-json\/wp\/v2\/posts"}],"about":[{"href":"https:\/\/www.zunoticia.com\/noticias-de-hidalgo\/wp-json\/wp\/v2\/types\/post"}],"author":[{"embeddable":true,"href":"https:\/\/www.zunoticia.com\/noticias-de-hidalgo\/wp-json\/wp\/v2\/users\/12"}],"replies":[{"embeddable":true,"href":"https:\/\/www.zunoticia.com\/noticias-de-hidalgo\/wp-json\/wp\/v2\/comments?post=564210"}],"version-history":[{"count":1,"href":"https:\/\/www.zunoticia.com\/noticias-de-hidalgo\/wp-json\/wp\/v2\/posts\/564210\/revisions"}],"predecessor-version":[{"id":564215,"href":"https:\/\/www.zunoticia.com\/noticias-de-hidalgo\/wp-json\/wp\/v2\/posts\/564210\/revisions\/564215"}],"wp:featuredmedia":[{"embeddable":true,"href":"https:\/\/www.zunoticia.com\/noticias-de-hidalgo\/wp-json\/wp\/v2\/media\/564164"}],"wp:attachment":[{"href":"https:\/\/www.zunoticia.com\/noticias-de-hidalgo\/wp-json\/wp\/v2\/media?parent=564210"}],"wp:term":[{"taxonomy":"category","embeddable":true,"href":"https:\/\/www.zunoticia.com\/noticias-de-hidalgo\/wp-json\/wp\/v2\/categories?post=564210"},{"taxonomy":"post_tag","embeddable":true,"href":"https:\/\/www.zunoticia.com\/noticias-de-hidalgo\/wp-json\/wp\/v2\/tags?post=564210"}],"curies":[{"name":"wp","href":"https:\/\/api.w.org\/{rel}","templated":true}]}}