{"id":564240,"date":"2024-10-03T14:16:42","date_gmt":"2024-10-03T20:16:42","guid":{"rendered":"https:\/\/www.zunoticia.com\/noticias-de-hidalgo\/?p=564240"},"modified":"2024-10-03T14:16:44","modified_gmt":"2024-10-03T20:16:44","slug":"celebraron-3er-aniv-sacerdotal-de-los-padres-luis-javier-y-miguel-hernandez","status":"publish","type":"post","link":"https:\/\/www.zunoticia.com\/noticias-de-hidalgo\/2024\/10\/03\/celebraron-3er-aniv-sacerdotal-de-los-padres-luis-javier-y-miguel-hernandez\/","title":{"rendered":"Celebraron 3er. aniv. sacerdotal de los padres Luis Javier y Miguel Hern\u00e1ndez"},"content":{"rendered":"<aside class=\"mashsb-container mashsb-main mashsb-stretched\"><div class=\"mashsb-box\"><div class=\"mashsb-count mash-large\" style=\"float:left\"><div class=\"counts mashsbcount\">0<\/div><span class=\"mashsb-sharetext\">SHARES<\/span><\/div><div class=\"mashsb-buttons\"><a class=\"mashicon-facebook mash-large mash-center mashsb-noshadow\" href=\"https:\/\/www.facebook.com\/sharer.php?u=https%3A%2F%2Fwww.zunoticia.com%2Fnoticias-de-hidalgo%2F2024%2F10%2F03%2Fcelebraron-3er-aniv-sacerdotal-de-los-padres-luis-javier-y-miguel-hernandez%2F\" target=\"_top\" rel=\"nofollow\"><span class=\"icon\"><\/span><span class=\"text\">Share<\/span><\/a><a class=\"mashicon-twitter mash-large mash-center mashsb-noshadow\" href=\"https:\/\/twitter.com\/intent\/tweet?text=&amp;url=https:\/\/www.zunoticia.com\/noticias-de-hidalgo\/2024\/10\/03\/celebraron-3er-aniv-sacerdotal-de-los-padres-luis-javier-y-miguel-hernandez\/\" target=\"_top\" rel=\"nofollow\"><span class=\"icon\"><\/span><span class=\"text\">Tweet<\/span><\/a><div class=\"onoffswitch2 mash-large mashsb-noshadow\" style=\"display:none\"><\/div><\/div>\n            <\/div>\n                <div style=\"clear:both\"><\/div><div class=\"mashsb-toggle-container\"><\/div><\/aside>\n            <!-- Share buttons by mashshare.net - Version: 4.0.47-->\n<p><em>Por Roberto Meza\/Zunoticia<\/em><\/p>\n\n\n\n<p><strong>Yahualica, Hgo.<\/strong> &#8211; Los padres Luis Javier Bautista Bautista y Miguel Hern\u00e1ndez Hern\u00e1ndez, de la antigua iglesia Romana, conmemoraron el tercer aniversario de su ordenaci\u00f3n sacerdotal, en la capilla San Juan Diego de la comunidad de Tepehixpa, con una misa de acci\u00f3n de gracias, hasta donde llegaron habitantes de diversas comunidades; la iglesia se vio rebasada en capacidad para recibir la visita de numerosos fieles.<\/p>\n\n\n\n<figure class=\"wp-block-image size-full\"><img fetchpriority=\"high\" decoding=\"async\" width=\"1080\" height=\"810\" src=\"https:\/\/www.zunoticia.com\/noticias-de-hidalgo\/wp-content\/uploads\/2024\/10\/WhatsApp-Image-2024-10-03-at-12.59.58.jpeg\" alt=\"\" class=\"wp-image-564244\"\/><\/figure>\n\n\n\n<p>Al acto acudi\u00f3 el obispo de la antigua iglesia romana, Jaime Antonio Mota Ruiz. Los Padres de esta forma dieron gracias al apoyo de la feligres\u00eda por el tercer aniversario de Ordenaci\u00f3n Sacerdotal, se dijeron estar muy agradecidos por el respaldo recibido; en la misa agradecieron a Dios por este tercer a\u00f1o de ejercicio sacerdotal de estos sacerdotes. A lo largo de 3 a\u00f1os han recorrido cada una de las comunidades que comprenden su territorio misional y a quienes constantemente visitan y actualmente atienden.<\/p>\n\n\n\n<p>El padre Luis Javier ha generado simpat\u00eda, se ha ganado en base a su aplicado trabajo un lugar de respeto y aprecio en la comunidad y la regi\u00f3n, debido a su vocaci\u00f3n de servicio y amor por su labor pastoral. Los grupos parroquiales y la comunidad organizaron adem\u00e1s un festejo con m\u00fasica en vivo y grande bufete de comida, en el auditorio de la comunidad.<\/p>\n\n\n\n<p>As\u00ed el Obispo, los padres y cat\u00f3licos participaron en una convivencia con todos los presentes, en donde reconocieron a los padres por este gran trabajo que llevan en esta regi\u00f3n de la huasteca.<\/p>\n\n\n\n<figure class=\"wp-block-gallery has-nested-images columns-default is-cropped wp-block-gallery-1 is-layout-flex wp-block-gallery-is-layout-flex\">\n<figure class=\"wp-block-image size-large\"><img decoding=\"async\" width=\"1080\" height=\"1440\" data-id=\"564242\" src=\"https:\/\/www.zunoticia.com\/noticias-de-hidalgo\/wp-content\/uploads\/2024\/10\/WhatsApp-Image-2024-10-03-at-13.00.17.jpeg\" alt=\"\" class=\"wp-image-564242\"\/><\/figure>\n\n\n\n<figure class=\"wp-block-image size-large\"><img decoding=\"async\" width=\"960\" height=\"1280\" data-id=\"564243\" src=\"https:\/\/www.zunoticia.com\/noticias-de-hidalgo\/wp-content\/uploads\/2024\/10\/WhatsApp-Image-2024-10-03-at-12.59.59.jpeg\" alt=\"\" class=\"wp-image-564243\"\/><\/figure>\n<\/figure>\n","protected":false},"excerpt":{"rendered":"<p>Por Roberto Meza\/Zunoticia Yahualica, Hgo. &#8211; Los padres Luis Javier Bautista Bautista y Miguel Hern\u00e1ndez Hern\u00e1ndez, de la antigua iglesia Romana, conmemoraron el tercer aniversario de su ordenaci\u00f3n sacerdotal, en la capilla San Juan Diego de la comunidad de Tepehixpa, con una misa de acci\u00f3n de gracias, hasta donde llegaron habitantes de diversas comunidades; la&hellip; <a class=\"more-link\" href=\"https:\/\/www.zunoticia.com\/noticias-de-hidalgo\/2024\/10\/03\/celebraron-3er-aniv-sacerdotal-de-los-padres-luis-javier-y-miguel-hernandez\/\">Seguir leyendo <span class=\"screen-reader-text\">Celebraron 3er. aniv. sacerdotal de los padres Luis Javier y Miguel Hern\u00e1ndez<\/span><\/a><\/p>\n","protected":false},"author":20,"featured_media":564241,"comment_status":"open","ping_status":"open","sticky":false,"template":"","format":"standard","meta":{"rop_custom_images_group":[],"rop_custom_messages_group":[],"rop_publish_now":"yes","rop_publish_now_accounts":{"facebook_10159540855086992_322828327761733":""},"rop_publish_now_history":[],"rop_publish_now_status":"pending","footnotes":""},"categories":[179,203],"tags":[229,123],"class_list":["post-564240","post","type-post","status-publish","format-standard","has-post-thumbnail","hentry","category-huasteca","category-yahualica","tag-huasteca","tag-yahualica","entry"],"_links":{"self":[{"href":"https:\/\/www.zunoticia.com\/noticias-de-hidalgo\/wp-json\/wp\/v2\/posts\/564240","targetHints":{"allow":["GET"]}}],"collection":[{"href":"https:\/\/www.zunoticia.com\/noticias-de-hidalgo\/wp-json\/wp\/v2\/posts"}],"about":[{"href":"https:\/\/www.zunoticia.com\/noticias-de-hidalgo\/wp-json\/wp\/v2\/types\/post"}],"author":[{"embeddable":true,"href":"https:\/\/www.zunoticia.com\/noticias-de-hidalgo\/wp-json\/wp\/v2\/users\/20"}],"replies":[{"embeddable":true,"href":"https:\/\/www.zunoticia.com\/noticias-de-hidalgo\/wp-json\/wp\/v2\/comments?post=564240"}],"version-history":[{"count":1,"href":"https:\/\/www.zunoticia.com\/noticias-de-hidalgo\/wp-json\/wp\/v2\/posts\/564240\/revisions"}],"predecessor-version":[{"id":564245,"href":"https:\/\/www.zunoticia.com\/noticias-de-hidalgo\/wp-json\/wp\/v2\/posts\/564240\/revisions\/564245"}],"wp:featuredmedia":[{"embeddable":true,"href":"https:\/\/www.zunoticia.com\/noticias-de-hidalgo\/wp-json\/wp\/v2\/media\/564241"}],"wp:attachment":[{"href":"https:\/\/www.zunoticia.com\/noticias-de-hidalgo\/wp-json\/wp\/v2\/media?parent=564240"}],"wp:term":[{"taxonomy":"category","embeddable":true,"href":"https:\/\/www.zunoticia.com\/noticias-de-hidalgo\/wp-json\/wp\/v2\/categories?post=564240"},{"taxonomy":"post_tag","embeddable":true,"href":"https:\/\/www.zunoticia.com\/noticias-de-hidalgo\/wp-json\/wp\/v2\/tags?post=564240"}],"curies":[{"name":"wp","href":"https:\/\/api.w.org\/{rel}","templated":true}]}}