{"id":564474,"date":"2024-10-04T14:16:31","date_gmt":"2024-10-04T20:16:31","guid":{"rendered":"https:\/\/www.zunoticia.com\/noticias-de-hidalgo\/?p=564474"},"modified":"2024-10-04T14:16:33","modified_gmt":"2024-10-04T20:16:33","slug":"se-abrira-la-convocatoria-para-pension-de-mujeres-de-63-a-64-anos","status":"publish","type":"post","link":"https:\/\/www.zunoticia.com\/noticias-de-hidalgo\/2024\/10\/04\/se-abrira-la-convocatoria-para-pension-de-mujeres-de-63-a-64-anos\/","title":{"rendered":"Se abrir\u00e1 la convocatoria para pensi\u00f3n de mujeres de 63 a 64 a\u00f1os"},"content":{"rendered":"<aside class=\"mashsb-container mashsb-main mashsb-stretched\"><div class=\"mashsb-box\"><div class=\"mashsb-count mash-large\" style=\"float:left\"><div class=\"counts mashsbcount\">0<\/div><span class=\"mashsb-sharetext\">SHARES<\/span><\/div><div class=\"mashsb-buttons\"><a class=\"mashicon-facebook mash-large mash-center mashsb-noshadow\" href=\"https:\/\/www.facebook.com\/sharer.php?u=https%3A%2F%2Fwww.zunoticia.com%2Fnoticias-de-hidalgo%2F2024%2F10%2F04%2Fse-abrira-la-convocatoria-para-pension-de-mujeres-de-63-a-64-anos%2F\" target=\"_top\" rel=\"nofollow\"><span class=\"icon\"><\/span><span class=\"text\">Share<\/span><\/a><a class=\"mashicon-twitter mash-large mash-center mashsb-noshadow\" href=\"https:\/\/twitter.com\/intent\/tweet?text=&amp;url=https:\/\/www.zunoticia.com\/noticias-de-hidalgo\/2024\/10\/04\/se-abrira-la-convocatoria-para-pension-de-mujeres-de-63-a-64-anos\/\" target=\"_top\" rel=\"nofollow\"><span class=\"icon\"><\/span><span class=\"text\">Tweet<\/span><\/a><div class=\"onoffswitch2 mash-large mashsb-noshadow\" style=\"display:none\"><\/div><\/div>\n            <\/div>\n                <div style=\"clear:both\"><\/div><div class=\"mashsb-toggle-container\"><\/div><\/aside>\n            <!-- Share buttons by mashshare.net - Version: 4.0.47-->\n<p><em>Por Esmeralda Vargas\/Zunoticia<\/em><\/p>\n\n\n\n<p><strong>San Agust\u00edn Metzquititl\u00e1n, Hgo. &#8211;<\/strong> Jes\u00fas Adri\u00e1n Gonz\u00e1lez T\u00e9llez, director de Programas Sociales del Bienestar, anunci\u00f3 que est\u00e1 por abrirse la convocatoria para la pensi\u00f3n dirigida a mujeres de 63 y 64 a\u00f1os. &#8220;El d\u00eda de ayer nos dieron una informaci\u00f3n muy buena para la mujer Metzquititlense, donde se estar\u00e1 operando este programa del 7 de octubre al 30 de noviembre&#8221;, afirm\u00f3.<\/p>\n\n\n\n<p>El registro se llevar\u00e1 a cabo en el Centro Integrador de Desarrollo (CID) para todas las mujeres que cumplan con la edad estipulada, adem\u00e1s, se realizar\u00e1n recorridos en conjunto con los Servidores de la Naci\u00f3n para facilitar el registro a aquellas que residen en comunidades m\u00e1s alejadas. &#8220;Pusimos sobre la mesa una de esas partes tan importantes que es el acercamiento directo con la gente, nuestra intenci\u00f3n es hacer jornadas que les permitan a las mujeres inscribirse directamente en su comunidad&#8221;, enfatiz\u00f3 Gonz\u00e1lez T\u00e9llez.<\/p>\n\n\n\n<p>El director invit\u00f3 a todas las mujeres elegibles a aprovechar este programa, tambi\u00e9n reiter\u00f3 su disposici\u00f3n para atender a todas las personas interesadas en la oficina, destacando que esta es una encomienda del presidente municipal constitucional, Germ\u00e1n Hern\u00e1ndez P\u00e9rez.<\/p>\n\n\n\n<p>Las autoridades locales animan a la poblaci\u00f3n a mantenerse atenta a la apertura de la convocatoria y participar en este importante apoyo social.<\/p>\n","protected":false},"excerpt":{"rendered":"<p>Por Esmeralda Vargas\/Zunoticia San Agust\u00edn Metzquititl\u00e1n, Hgo. &#8211; Jes\u00fas Adri\u00e1n Gonz\u00e1lez T\u00e9llez, director de Programas Sociales del Bienestar, anunci\u00f3 que est\u00e1 por abrirse la convocatoria para la pensi\u00f3n dirigida a mujeres de 63 y 64 a\u00f1os. &#8220;El d\u00eda de ayer nos dieron una informaci\u00f3n muy buena para la mujer Metzquititlense, donde se estar\u00e1 operando este&hellip; <a class=\"more-link\" href=\"https:\/\/www.zunoticia.com\/noticias-de-hidalgo\/2024\/10\/04\/se-abrira-la-convocatoria-para-pension-de-mujeres-de-63-a-64-anos\/\">Seguir leyendo <span class=\"screen-reader-text\">Se abrir\u00e1 la convocatoria para pensi\u00f3n de mujeres de 63 a 64 a\u00f1os<\/span><\/a><\/p>\n","protected":false},"author":20,"featured_media":564475,"comment_status":"open","ping_status":"open","sticky":false,"template":"","format":"standard","meta":{"rop_custom_images_group":[],"rop_custom_messages_group":[],"rop_publish_now":"initial","rop_publish_now_accounts":{"facebook_10159540855086992_322828327761733":""},"rop_publish_now_history":[],"rop_publish_now_status":"pending","footnotes":""},"categories":[443,433],"tags":[300,436],"class_list":["post-564474","post","type-post","status-publish","format-standard","has-post-thumbnail","hentry","category-san-agustin-metzquititlan","category-sierra-alta","tag-san-agustin-metzquititlan","tag-sierra-alta","entry"],"_links":{"self":[{"href":"https:\/\/www.zunoticia.com\/noticias-de-hidalgo\/wp-json\/wp\/v2\/posts\/564474","targetHints":{"allow":["GET"]}}],"collection":[{"href":"https:\/\/www.zunoticia.com\/noticias-de-hidalgo\/wp-json\/wp\/v2\/posts"}],"about":[{"href":"https:\/\/www.zunoticia.com\/noticias-de-hidalgo\/wp-json\/wp\/v2\/types\/post"}],"author":[{"embeddable":true,"href":"https:\/\/www.zunoticia.com\/noticias-de-hidalgo\/wp-json\/wp\/v2\/users\/20"}],"replies":[{"embeddable":true,"href":"https:\/\/www.zunoticia.com\/noticias-de-hidalgo\/wp-json\/wp\/v2\/comments?post=564474"}],"version-history":[{"count":1,"href":"https:\/\/www.zunoticia.com\/noticias-de-hidalgo\/wp-json\/wp\/v2\/posts\/564474\/revisions"}],"predecessor-version":[{"id":564476,"href":"https:\/\/www.zunoticia.com\/noticias-de-hidalgo\/wp-json\/wp\/v2\/posts\/564474\/revisions\/564476"}],"wp:featuredmedia":[{"embeddable":true,"href":"https:\/\/www.zunoticia.com\/noticias-de-hidalgo\/wp-json\/wp\/v2\/media\/564475"}],"wp:attachment":[{"href":"https:\/\/www.zunoticia.com\/noticias-de-hidalgo\/wp-json\/wp\/v2\/media?parent=564474"}],"wp:term":[{"taxonomy":"category","embeddable":true,"href":"https:\/\/www.zunoticia.com\/noticias-de-hidalgo\/wp-json\/wp\/v2\/categories?post=564474"},{"taxonomy":"post_tag","embeddable":true,"href":"https:\/\/www.zunoticia.com\/noticias-de-hidalgo\/wp-json\/wp\/v2\/tags?post=564474"}],"curies":[{"name":"wp","href":"https:\/\/api.w.org\/{rel}","templated":true}]}}