{"id":564477,"date":"2024-10-04T14:23:57","date_gmt":"2024-10-04T20:23:57","guid":{"rendered":"https:\/\/www.zunoticia.com\/noticias-de-hidalgo\/?p=564477"},"modified":"2024-10-04T14:23:59","modified_gmt":"2024-10-04T20:23:59","slug":"jovenes-regidoras-de-san-agustin-metzquititlan-impulsan-la-voz-de-las-nuevas-generaciones","status":"publish","type":"post","link":"https:\/\/www.zunoticia.com\/noticias-de-hidalgo\/2024\/10\/04\/jovenes-regidoras-de-san-agustin-metzquititlan-impulsan-la-voz-de-las-nuevas-generaciones\/","title":{"rendered":"J\u00f3venes regidoras de San Agust\u00edn Metzquititl\u00e1n impulsan la voz de las nuevas generaciones"},"content":{"rendered":"<aside class=\"mashsb-container mashsb-main mashsb-stretched\"><div class=\"mashsb-box\"><div class=\"mashsb-count mash-large\" style=\"float:left\"><div class=\"counts mashsbcount\">0<\/div><span class=\"mashsb-sharetext\">SHARES<\/span><\/div><div class=\"mashsb-buttons\"><a class=\"mashicon-facebook mash-large mash-center mashsb-noshadow\" href=\"https:\/\/www.facebook.com\/sharer.php?u=https%3A%2F%2Fwww.zunoticia.com%2Fnoticias-de-hidalgo%2F2024%2F10%2F04%2Fjovenes-regidoras-de-san-agustin-metzquititlan-impulsan-la-voz-de-las-nuevas-generaciones%2F\" target=\"_top\" rel=\"nofollow\"><span class=\"icon\"><\/span><span class=\"text\">Share<\/span><\/a><a class=\"mashicon-twitter mash-large mash-center mashsb-noshadow\" href=\"https:\/\/twitter.com\/intent\/tweet?text=&amp;url=https:\/\/www.zunoticia.com\/noticias-de-hidalgo\/2024\/10\/04\/jovenes-regidoras-de-san-agustin-metzquititlan-impulsan-la-voz-de-las-nuevas-generaciones\/\" target=\"_top\" rel=\"nofollow\"><span class=\"icon\"><\/span><span class=\"text\">Tweet<\/span><\/a><div class=\"onoffswitch2 mash-large mashsb-noshadow\" style=\"display:none\"><\/div><\/div>\n            <\/div>\n                <div style=\"clear:both\"><\/div><div class=\"mashsb-toggle-container\"><\/div><\/aside>\n            <!-- Share buttons by mashshare.net - Version: 4.0.47-->\n<p><em>Por Esmeralda Vargas\/ Zunoticia<\/em><\/p>\n\n\n\n<p><strong>San Agust\u00edn Metzquititl\u00e1n, Hgo<\/strong>.\u2013 Enid Shecid L\u00f3pez y Paola Moreno Rivera, las regidoras m\u00e1s j\u00f3venes del ayuntamiento de San Agust\u00edn Metzquititl\u00e1n, expresaron su orgullo por formar parte del equipo de trabajo del presidente municipal, Licenciado Germ\u00e1n Hern\u00e1ndez P\u00e9rez. Ambas j\u00f3venes destacan su papel como representantes de las nuevas generaciones en un entorno tradicionalmente dominado por pol\u00edticos de mayor edad.<\/p>\n\n\n\n<p>Enid Shecid L\u00f3pez comparti\u00f3 su perspectiva sobre los desaf\u00edos que enfrentan: \u201cM\u00e1s que alguna dificultad, es entrar a un mundo donde anteriormente era \u00fanicamente para personas de m\u00e1s edad. Sin embargo, al ser m\u00e1s j\u00f3venes, conocemos ciertos temas de la actualidad que son vitales para nuestra comunidad\u201d.<\/p>\n\n\n\n<p>Por su parte, Paola Moreno Rivera subray\u00f3 la sorpresa que genera su presencia en el \u00e1mbito pol\u00edtico: \u201cEs muy sorprendente para la sociedad que alguien tan joven est\u00e9 dentro de la pol\u00edtica; en todos los lugares a los que hemos ido, siempre somos halagadas por el camino que hemos recorrido\u201d.<\/p>\n\n\n\n<p>Ambas regidoras son conscientes del gran trabajo que les espera y del papel que desempe\u00f1an como ejemplos para las futuras generaciones. En este sentido, Enid Shecid hizo un llamado a los j\u00f3venes \u201cHan pasado muchos a\u00f1os en los que M\u00e9xico se ha estancado en varios temas, y se han perdido oportunidades para que ni\u00f1os y j\u00f3venes se desarrollen en diferentes \u00e1mbitos. No se sientan sin voz, hoy en d\u00eda, nos han dado las facilidades para que tanto j\u00f3venes como ni\u00f1os tengamos el poder de dar nuestro punto de vista y participar en la pol\u00edtica, un sector que abarca toda la sociedad\u201d.<\/p>\n\n\n\n<p>Paola Moreno tambi\u00e9n inst\u00f3 a ni\u00f1os y j\u00f3venes a perseguir sus sue\u00f1os: \u201cSigan sus sue\u00f1os que est\u00e9n en su mente y su coraz\u00f3n, porque no hay satisfacci\u00f3n m\u00e1s grande que hacer lo que verdaderamente te apasiona, nunca ser\u00e1s esclavo de tu trabajo; siempre lo har\u00e1s contento y feliz. Pol\u00edticamente, los invito a unirse a este movimiento, porque nosotros somos las futuras generaciones que definir\u00e1n el rumbo de M\u00e9xico\u201d.<\/p>\n\n\n\n<p>Con su compromiso y entusiasmo, Enid Shecid y Paola Moreno est\u00e1n abriendo caminos en la pol\u00edtica local, desafiando estereotipos y demostrando que la juventud puede y debe ser parte activa en la construcci\u00f3n de un mejor futuro.<\/p>\n","protected":false},"excerpt":{"rendered":"<p>Por Esmeralda Vargas\/ Zunoticia San Agust\u00edn Metzquititl\u00e1n, Hgo.\u2013 Enid Shecid L\u00f3pez y Paola Moreno Rivera, las regidoras m\u00e1s j\u00f3venes del ayuntamiento de San Agust\u00edn Metzquititl\u00e1n, expresaron su orgullo por formar parte del equipo de trabajo del presidente municipal, Licenciado Germ\u00e1n Hern\u00e1ndez P\u00e9rez. Ambas j\u00f3venes destacan su papel como representantes de las nuevas generaciones en un&hellip; <a class=\"more-link\" href=\"https:\/\/www.zunoticia.com\/noticias-de-hidalgo\/2024\/10\/04\/jovenes-regidoras-de-san-agustin-metzquititlan-impulsan-la-voz-de-las-nuevas-generaciones\/\">Seguir leyendo <span class=\"screen-reader-text\">J\u00f3venes regidoras de San Agust\u00edn Metzquititl\u00e1n impulsan la voz de las nuevas generaciones<\/span><\/a><\/p>\n","protected":false},"author":20,"featured_media":564478,"comment_status":"open","ping_status":"open","sticky":false,"template":"","format":"standard","meta":{"rop_custom_images_group":[],"rop_custom_messages_group":[],"rop_publish_now":"initial","rop_publish_now_accounts":{"facebook_10159540855086992_322828327761733":""},"rop_publish_now_history":[],"rop_publish_now_status":"pending","footnotes":""},"categories":[443,433],"tags":[300,436],"class_list":["post-564477","post","type-post","status-publish","format-standard","has-post-thumbnail","hentry","category-san-agustin-metzquititlan","category-sierra-alta","tag-san-agustin-metzquititlan","tag-sierra-alta","entry"],"_links":{"self":[{"href":"https:\/\/www.zunoticia.com\/noticias-de-hidalgo\/wp-json\/wp\/v2\/posts\/564477","targetHints":{"allow":["GET"]}}],"collection":[{"href":"https:\/\/www.zunoticia.com\/noticias-de-hidalgo\/wp-json\/wp\/v2\/posts"}],"about":[{"href":"https:\/\/www.zunoticia.com\/noticias-de-hidalgo\/wp-json\/wp\/v2\/types\/post"}],"author":[{"embeddable":true,"href":"https:\/\/www.zunoticia.com\/noticias-de-hidalgo\/wp-json\/wp\/v2\/users\/20"}],"replies":[{"embeddable":true,"href":"https:\/\/www.zunoticia.com\/noticias-de-hidalgo\/wp-json\/wp\/v2\/comments?post=564477"}],"version-history":[{"count":1,"href":"https:\/\/www.zunoticia.com\/noticias-de-hidalgo\/wp-json\/wp\/v2\/posts\/564477\/revisions"}],"predecessor-version":[{"id":564479,"href":"https:\/\/www.zunoticia.com\/noticias-de-hidalgo\/wp-json\/wp\/v2\/posts\/564477\/revisions\/564479"}],"wp:featuredmedia":[{"embeddable":true,"href":"https:\/\/www.zunoticia.com\/noticias-de-hidalgo\/wp-json\/wp\/v2\/media\/564478"}],"wp:attachment":[{"href":"https:\/\/www.zunoticia.com\/noticias-de-hidalgo\/wp-json\/wp\/v2\/media?parent=564477"}],"wp:term":[{"taxonomy":"category","embeddable":true,"href":"https:\/\/www.zunoticia.com\/noticias-de-hidalgo\/wp-json\/wp\/v2\/categories?post=564477"},{"taxonomy":"post_tag","embeddable":true,"href":"https:\/\/www.zunoticia.com\/noticias-de-hidalgo\/wp-json\/wp\/v2\/tags?post=564477"}],"curies":[{"name":"wp","href":"https:\/\/api.w.org\/{rel}","templated":true}]}}