{"id":565523,"date":"2024-10-09T22:27:46","date_gmt":"2024-10-10T04:27:46","guid":{"rendered":"https:\/\/www.zunoticia.com\/noticias-de-hidalgo\/?p=565523"},"modified":"2024-10-09T22:27:47","modified_gmt":"2024-10-10T04:27:47","slug":"audiencia-ciudadana-con-el-presidente-municipal-de-san-agustin-metzquititlan","status":"publish","type":"post","link":"https:\/\/www.zunoticia.com\/noticias-de-hidalgo\/2024\/10\/09\/audiencia-ciudadana-con-el-presidente-municipal-de-san-agustin-metzquititlan\/","title":{"rendered":"Audiencia ciudadana con el presidente municipal de San Agust\u00edn Metzquititl\u00e1n"},"content":{"rendered":"<aside class=\"mashsb-container mashsb-main mashsb-stretched\"><div class=\"mashsb-box\"><div class=\"mashsb-count mash-large\" style=\"float:left\"><div class=\"counts mashsbcount\">0<\/div><span class=\"mashsb-sharetext\">SHARES<\/span><\/div><div class=\"mashsb-buttons\"><a class=\"mashicon-facebook mash-large mash-center mashsb-noshadow\" href=\"https:\/\/www.facebook.com\/sharer.php?u=https%3A%2F%2Fwww.zunoticia.com%2Fnoticias-de-hidalgo%2F2024%2F10%2F09%2Faudiencia-ciudadana-con-el-presidente-municipal-de-san-agustin-metzquititlan%2F\" target=\"_top\" rel=\"nofollow\"><span class=\"icon\"><\/span><span class=\"text\">Share<\/span><\/a><a class=\"mashicon-twitter mash-large mash-center mashsb-noshadow\" href=\"https:\/\/twitter.com\/intent\/tweet?text=&amp;url=https:\/\/www.zunoticia.com\/noticias-de-hidalgo\/2024\/10\/09\/audiencia-ciudadana-con-el-presidente-municipal-de-san-agustin-metzquititlan\/\" target=\"_top\" rel=\"nofollow\"><span class=\"icon\"><\/span><span class=\"text\">Tweet<\/span><\/a><div class=\"onoffswitch2 mash-large mashsb-noshadow\" style=\"display:none\"><\/div><\/div>\n            <\/div>\n                <div style=\"clear:both\"><\/div><div class=\"mashsb-toggle-container\"><\/div><\/aside>\n            <!-- Share buttons by mashshare.net - Version: 4.0.47-->\n<p><em>Por Esmeralda Vargas\/Zunoticia<\/em><\/p>\n\n\n\n<p><strong>San Agust\u00edn Metzquititl\u00e1n, Hgo<\/strong>.\u2014 En un esfuerzo por fortalecer la cercan\u00eda con la comunidad, el presidente municipal constitucional Germ\u00e1n Hern\u00e1ndez P\u00e9rez, llev\u00f3 a cabo una audiencia con los ciudadanos del municipio. Desde tempranas horas de la ma\u00f1ana, vecinos de diversas comunidades se congregaron en la presidencia del ayuntamiento, para expresar sus necesidades y preocupaciones.<\/p>\n\n\n\n<p>Este encuentro se enmarca dentro de la iniciativa del gobierno local de fomentar la participaci\u00f3n ciudadana y escuchar de primera mano las inquietudes de la poblaci\u00f3n. Durante la audiencia, Hern\u00e1ndez P\u00e9rez escuch\u00f3 atentamente a cada uno de los asistentes, comprometi\u00e9ndose a trabajar en soluciones que mejoren la calidad de vida de los habitantes de San Agust\u00edn.<\/p>\n\n\n\n<figure class=\"wp-block-image size-full\"><img fetchpriority=\"high\" decoding=\"async\" width=\"720\" height=\"480\" src=\"https:\/\/www.zunoticia.com\/noticias-de-hidalgo\/wp-content\/uploads\/2024\/10\/eZy-Watermark_09-10-2024_09-35-11-4430p.m.jpg\" alt=\"\" class=\"wp-image-565524\"\/><\/figure>\n\n\n\n<p>Los vecinos, quienes acudieron con propuestas y solicitudes en mano, destacaron la importancia de estos espacios de di\u00e1logo.<\/p>\n\n\n\n<p>El presidente municipal reiter\u00f3 su compromiso de mantener una comunicaci\u00f3n abierta y constante con los ciudadanos, asegurando que cada inquietud ser\u00e1 tomada en cuenta para la formulaci\u00f3n de pol\u00edticas p\u00fablicas m\u00e1s efectivas.<\/p>\n","protected":false},"excerpt":{"rendered":"<p>Por Esmeralda Vargas\/Zunoticia San Agust\u00edn Metzquititl\u00e1n, Hgo.\u2014 En un esfuerzo por fortalecer la cercan\u00eda con la comunidad, el presidente municipal constitucional Germ\u00e1n Hern\u00e1ndez P\u00e9rez, llev\u00f3 a cabo una audiencia con los ciudadanos del municipio. Desde tempranas horas de la ma\u00f1ana, vecinos de diversas comunidades se congregaron en la presidencia del ayuntamiento, para expresar sus necesidades&hellip; <a class=\"more-link\" href=\"https:\/\/www.zunoticia.com\/noticias-de-hidalgo\/2024\/10\/09\/audiencia-ciudadana-con-el-presidente-municipal-de-san-agustin-metzquititlan\/\">Seguir leyendo <span class=\"screen-reader-text\">Audiencia ciudadana con el presidente municipal de San Agust\u00edn Metzquititl\u00e1n<\/span><\/a><\/p>\n","protected":false},"author":12,"featured_media":565494,"comment_status":"open","ping_status":"open","sticky":false,"template":"","format":"standard","meta":{"rop_custom_images_group":[],"rop_custom_messages_group":[],"rop_publish_now":"initial","rop_publish_now_accounts":{"facebook_10159540855086992_322828327761733":""},"rop_publish_now_history":[],"rop_publish_now_status":"pending","footnotes":""},"categories":[443,433],"tags":[300],"class_list":["post-565523","post","type-post","status-publish","format-standard","has-post-thumbnail","hentry","category-san-agustin-metzquititlan","category-sierra-alta","tag-san-agustin-metzquititlan","entry"],"_links":{"self":[{"href":"https:\/\/www.zunoticia.com\/noticias-de-hidalgo\/wp-json\/wp\/v2\/posts\/565523","targetHints":{"allow":["GET"]}}],"collection":[{"href":"https:\/\/www.zunoticia.com\/noticias-de-hidalgo\/wp-json\/wp\/v2\/posts"}],"about":[{"href":"https:\/\/www.zunoticia.com\/noticias-de-hidalgo\/wp-json\/wp\/v2\/types\/post"}],"author":[{"embeddable":true,"href":"https:\/\/www.zunoticia.com\/noticias-de-hidalgo\/wp-json\/wp\/v2\/users\/12"}],"replies":[{"embeddable":true,"href":"https:\/\/www.zunoticia.com\/noticias-de-hidalgo\/wp-json\/wp\/v2\/comments?post=565523"}],"version-history":[{"count":1,"href":"https:\/\/www.zunoticia.com\/noticias-de-hidalgo\/wp-json\/wp\/v2\/posts\/565523\/revisions"}],"predecessor-version":[{"id":565525,"href":"https:\/\/www.zunoticia.com\/noticias-de-hidalgo\/wp-json\/wp\/v2\/posts\/565523\/revisions\/565525"}],"wp:featuredmedia":[{"embeddable":true,"href":"https:\/\/www.zunoticia.com\/noticias-de-hidalgo\/wp-json\/wp\/v2\/media\/565494"}],"wp:attachment":[{"href":"https:\/\/www.zunoticia.com\/noticias-de-hidalgo\/wp-json\/wp\/v2\/media?parent=565523"}],"wp:term":[{"taxonomy":"category","embeddable":true,"href":"https:\/\/www.zunoticia.com\/noticias-de-hidalgo\/wp-json\/wp\/v2\/categories?post=565523"},{"taxonomy":"post_tag","embeddable":true,"href":"https:\/\/www.zunoticia.com\/noticias-de-hidalgo\/wp-json\/wp\/v2\/tags?post=565523"}],"curies":[{"name":"wp","href":"https:\/\/api.w.org\/{rel}","templated":true}]}}