{"id":566329,"date":"2024-10-14T17:45:41","date_gmt":"2024-10-14T23:45:41","guid":{"rendered":"https:\/\/www.zunoticia.com\/noticias-de-hidalgo\/?p=566329"},"modified":"2024-10-14T17:45:42","modified_gmt":"2024-10-14T23:45:42","slug":"sumando-podremos-logar-que-zacualtipan-vuelva-a-ser-un-pueblo-de-trabajo-y-progreso-jnt","status":"publish","type":"post","link":"https:\/\/www.zunoticia.com\/noticias-de-hidalgo\/2024\/10\/14\/sumando-podremos-logar-que-zacualtipan-vuelva-a-ser-un-pueblo-de-trabajo-y-progreso-jnt\/","title":{"rendered":"\u201cSumando podremos logar que Zacualtip\u00e1n vuelva a ser un pueblo de trabajo y progreso\u201d: JNT"},"content":{"rendered":"<aside class=\"mashsb-container mashsb-main mashsb-stretched\"><div class=\"mashsb-box\"><div class=\"mashsb-count mash-large\" style=\"float:left\"><div class=\"counts mashsbcount\">0<\/div><span class=\"mashsb-sharetext\">SHARES<\/span><\/div><div class=\"mashsb-buttons\"><a class=\"mashicon-facebook mash-large mash-center mashsb-noshadow\" href=\"https:\/\/www.facebook.com\/sharer.php?u=https%3A%2F%2Fwww.zunoticia.com%2Fnoticias-de-hidalgo%2F2024%2F10%2F14%2Fsumando-podremos-logar-que-zacualtipan-vuelva-a-ser-un-pueblo-de-trabajo-y-progreso-jnt%2F\" target=\"_top\" rel=\"nofollow\"><span class=\"icon\"><\/span><span class=\"text\">Share<\/span><\/a><a class=\"mashicon-twitter mash-large mash-center mashsb-noshadow\" href=\"https:\/\/twitter.com\/intent\/tweet?text=&amp;url=https:\/\/www.zunoticia.com\/noticias-de-hidalgo\/2024\/10\/14\/sumando-podremos-logar-que-zacualtipan-vuelva-a-ser-un-pueblo-de-trabajo-y-progreso-jnt\/\" target=\"_top\" rel=\"nofollow\"><span class=\"icon\"><\/span><span class=\"text\">Tweet<\/span><\/a><div class=\"onoffswitch2 mash-large mashsb-noshadow\" style=\"display:none\"><\/div><\/div>\n            <\/div>\n                <div style=\"clear:both\"><\/div><div class=\"mashsb-toggle-container\"><\/div><\/aside>\n            <!-- Share buttons by mashshare.net - Version: 4.0.47-->\n<p><em>Por Georgina Jaramillo\/Zunoticia<\/em><\/p>\n\n\n\n<p><strong>Zacualtip\u00e1n de \u00c1ngeles, Hgo<\/strong>.- Joaqu\u00edn Nicol\u00e1s Tello, regidor del Partido del Trabajo (PT) con las comisiones de Asentamientos Humanos, Desarrollo Urbano y Ordenamiento Territorial, declar\u00f3 su total respaldo al alcalde Amado P\u00e9rez Hern\u00e1ndez, en los proyectos que lleven a su municipio a buen puerto.<\/p>\n\n\n\n<p>\u201cEstamos trabajando conjuntamente con todos los compa\u00f1eros regidores, se incluye a todos, aqu\u00ed no venimos a dividir, venimos a sumar y la finalidad es sacara adelante los proyectos que proponga el Se\u00f1or presidente, que con gusto vamos a apoyar poniendo con nuestro \u2018granito de arena\u2019 correspondiente\u201d.<\/p>\n\n\n\n<p>Lo que lo llev\u00f3 a apoyar el proyecto pol\u00edtico de el Lic. Amado P\u00e9rez Hern\u00e1ndez- dijo- fue \u201clos ideales que tiene \u00e9l, el inter\u00e9s que muestra para sacar adelante el municipio que durante buen tiempo hab\u00eda estado olvidado.<\/p>\n\n\n\n<p>Se acabaron los colores partidistas y lo que buscamos es rescatar los valores de Zacualtip\u00e1n, rescatar lo que se perdi\u00f3, tales como devolver a Zacualtip\u00e1n la seguridad, soluci\u00f3n al tema de la basura y los servicios que la gente reclama con justo derecho y que ya se vio la iniciativa\u201d, dio a conocer el funcionario.<\/p>\n\n\n\n<p>Respecto a qu\u00e9 esperan del trabajo de los regidores de otras corrientes polic\u00edas respondi\u00f3 \u201cnosotros ya entendimos que la contienda ya pas\u00f3 y que finalmente lo que nos une es que salgamos adelante en este proyecto, porque no es nada m\u00e1s pensar en nosotros, sino pensar en Zacualtip\u00e1n, es pensar en las comunidades y que el pueblo pide con sobrada raz\u00f3n que se le haga justicia\u201d, mencion\u00f3.<\/p>\n\n\n\n<p>Pidi\u00f3 a la ciudadan\u00eda un poco de paciencia y que tomen en cuenta que les dejaron la presidencia sin recursos econ\u00f3micos \u201cy como ejemplo tenemos a la colonia Cozapa, que se sum\u00f3 a venir a entregar un apoyo personal lo cual se agradece mucho\u201d, dijo finalmente.&nbsp;<\/p>\n","protected":false},"excerpt":{"rendered":"<p>Por Georgina Jaramillo\/Zunoticia Zacualtip\u00e1n de \u00c1ngeles, Hgo.- Joaqu\u00edn Nicol\u00e1s Tello, regidor del Partido del Trabajo (PT) con las comisiones de Asentamientos Humanos, Desarrollo Urbano y Ordenamiento Territorial, declar\u00f3 su total respaldo al alcalde Amado P\u00e9rez Hern\u00e1ndez, en los proyectos que lleven a su municipio a buen puerto. \u201cEstamos trabajando conjuntamente con todos los compa\u00f1eros regidores,&hellip; <a class=\"more-link\" href=\"https:\/\/www.zunoticia.com\/noticias-de-hidalgo\/2024\/10\/14\/sumando-podremos-logar-que-zacualtipan-vuelva-a-ser-un-pueblo-de-trabajo-y-progreso-jnt\/\">Seguir leyendo <span class=\"screen-reader-text\">\u201cSumando podremos logar que Zacualtip\u00e1n vuelva a ser un pueblo de trabajo y progreso\u201d: JNT<\/span><\/a><\/p>\n","protected":false},"author":20,"featured_media":566330,"comment_status":"open","ping_status":"open","sticky":false,"template":"","format":"standard","meta":{"rop_custom_images_group":[],"rop_custom_messages_group":[],"rop_publish_now":"initial","rop_publish_now_accounts":{"facebook_10159540855086992_322828327761733":""},"rop_publish_now_history":[],"rop_publish_now_status":"pending","footnotes":""},"categories":[433,441],"tags":[436,302],"class_list":["post-566329","post","type-post","status-publish","format-standard","has-post-thumbnail","hentry","category-sierra-alta","category-zacualtipan-sierra-alta","tag-sierra-alta","tag-zacualtipan","entry"],"_links":{"self":[{"href":"https:\/\/www.zunoticia.com\/noticias-de-hidalgo\/wp-json\/wp\/v2\/posts\/566329","targetHints":{"allow":["GET"]}}],"collection":[{"href":"https:\/\/www.zunoticia.com\/noticias-de-hidalgo\/wp-json\/wp\/v2\/posts"}],"about":[{"href":"https:\/\/www.zunoticia.com\/noticias-de-hidalgo\/wp-json\/wp\/v2\/types\/post"}],"author":[{"embeddable":true,"href":"https:\/\/www.zunoticia.com\/noticias-de-hidalgo\/wp-json\/wp\/v2\/users\/20"}],"replies":[{"embeddable":true,"href":"https:\/\/www.zunoticia.com\/noticias-de-hidalgo\/wp-json\/wp\/v2\/comments?post=566329"}],"version-history":[{"count":1,"href":"https:\/\/www.zunoticia.com\/noticias-de-hidalgo\/wp-json\/wp\/v2\/posts\/566329\/revisions"}],"predecessor-version":[{"id":566331,"href":"https:\/\/www.zunoticia.com\/noticias-de-hidalgo\/wp-json\/wp\/v2\/posts\/566329\/revisions\/566331"}],"wp:featuredmedia":[{"embeddable":true,"href":"https:\/\/www.zunoticia.com\/noticias-de-hidalgo\/wp-json\/wp\/v2\/media\/566330"}],"wp:attachment":[{"href":"https:\/\/www.zunoticia.com\/noticias-de-hidalgo\/wp-json\/wp\/v2\/media?parent=566329"}],"wp:term":[{"taxonomy":"category","embeddable":true,"href":"https:\/\/www.zunoticia.com\/noticias-de-hidalgo\/wp-json\/wp\/v2\/categories?post=566329"},{"taxonomy":"post_tag","embeddable":true,"href":"https:\/\/www.zunoticia.com\/noticias-de-hidalgo\/wp-json\/wp\/v2\/tags?post=566329"}],"curies":[{"name":"wp","href":"https:\/\/api.w.org\/{rel}","templated":true}]}}