{"id":567949,"date":"2024-10-23T15:26:33","date_gmt":"2024-10-23T21:26:33","guid":{"rendered":"https:\/\/www.zunoticia.com\/noticias-de-hidalgo\/?p=567949"},"modified":"2024-10-23T15:26:34","modified_gmt":"2024-10-23T21:26:34","slug":"se-realizo-la-jornada-de-empleo-en-el-municipio","status":"publish","type":"post","link":"https:\/\/www.zunoticia.com\/noticias-de-hidalgo\/2024\/10\/23\/se-realizo-la-jornada-de-empleo-en-el-municipio\/","title":{"rendered":"Se realiz\u00f3 la Jornada de empleo en el municipio"},"content":{"rendered":"<aside class=\"mashsb-container mashsb-main mashsb-stretched\"><div class=\"mashsb-box\"><div class=\"mashsb-count mash-large\" style=\"float:left\"><div class=\"counts mashsbcount\">0<\/div><span class=\"mashsb-sharetext\">SHARES<\/span><\/div><div class=\"mashsb-buttons\"><a class=\"mashicon-facebook mash-large mash-center mashsb-noshadow\" href=\"https:\/\/www.facebook.com\/sharer.php?u=https%3A%2F%2Fwww.zunoticia.com%2Fnoticias-de-hidalgo%2F2024%2F10%2F23%2Fse-realizo-la-jornada-de-empleo-en-el-municipio%2F\" target=\"_top\" rel=\"nofollow\"><span class=\"icon\"><\/span><span class=\"text\">Share<\/span><\/a><a class=\"mashicon-twitter mash-large mash-center mashsb-noshadow\" href=\"https:\/\/twitter.com\/intent\/tweet?text=&amp;url=https:\/\/www.zunoticia.com\/noticias-de-hidalgo\/2024\/10\/23\/se-realizo-la-jornada-de-empleo-en-el-municipio\/\" target=\"_top\" rel=\"nofollow\"><span class=\"icon\"><\/span><span class=\"text\">Tweet<\/span><\/a><div class=\"onoffswitch2 mash-large mashsb-noshadow\" style=\"display:none\"><\/div><\/div>\n            <\/div>\n                <div style=\"clear:both\"><\/div><div class=\"mashsb-toggle-container\"><\/div><\/aside>\n            <!-- Share buttons by mashshare.net - Version: 4.0.47-->\n<p><em>Por Esmeralda Vargas\/Zunoticia<\/em><\/p>\n\n\n\n<p><strong>San Agust\u00edn Metzquititl\u00e1n, Hgo<\/strong>.- En una iniciativa para fomentar el empleo en la regi\u00f3n, se llev\u00f3 a cabo una Jornada de empleo en el municipio, donde los ciudadanos tuvieron la oportunidad de interactuar con diversas empresas locales que ofrecieron m\u00faltiples vacantes.<\/p>\n\n\n\n<p>El evento cont\u00f3 con la presencia del presidente municipal constitucional, Germ\u00e1n Hern\u00e1ndez P\u00e9rez, quien destac\u00f3 la importancia de crear espacios que faciliten la conexi\u00f3n entre los buscadores de empleo y las empresas; tambi\u00e9n estuvieron presentes el secretario de Trabajo y Previsi\u00f3n Social, \u00d3scar Gonz\u00e1lez Hern\u00e1ndez y el coordinador de Gesti\u00f3n, Alfonso Olivares L\u00f3pez, quienes colaboraron estrechamente con el presidente para hacer posible esta jornada.<\/p>\n\n\n\n<figure class=\"wp-block-image size-full\"><img fetchpriority=\"high\" decoding=\"async\" width=\"933\" height=\"524\" src=\"https:\/\/www.zunoticia.com\/noticias-de-hidalgo\/wp-content\/uploads\/2024\/10\/Zunoticia-Huejutla-2-93.png\" alt=\"\" class=\"wp-image-567951\"\/><\/figure>\n\n\n\n<p>Los organizadores enfatizaron que este tipo de eventos son fundamentales para impulsar el desarrollo econ\u00f3mico local y brindar a los metzquititlenses oportunidades laborales que contribuyan a mejorar su calidad de vida; durante la jornada, los asistentes pudieron postularse a diferentes vacantes, recibir orientaci\u00f3n sobre el empleo y asistir a talleres sobre preparaci\u00f3n para entrevistas.<\/p>\n\n\n\n<p>Con un enfoque en el crecimiento comunitario, la jornada promovi\u00f3 el empleo, as\u00ed mismo, fortaleci\u00f3 los lazos entre los ciudadanos y las empresas de la regi\u00f3n, sentando las bases para futuras colaboraciones.<\/p>\n","protected":false},"excerpt":{"rendered":"<p>Por Esmeralda Vargas\/Zunoticia San Agust\u00edn Metzquititl\u00e1n, Hgo.- En una iniciativa para fomentar el empleo en la regi\u00f3n, se llev\u00f3 a cabo una Jornada de empleo en el municipio, donde los ciudadanos tuvieron la oportunidad de interactuar con diversas empresas locales que ofrecieron m\u00faltiples vacantes. El evento cont\u00f3 con la presencia del presidente municipal constitucional, Germ\u00e1n&hellip; <a class=\"more-link\" href=\"https:\/\/www.zunoticia.com\/noticias-de-hidalgo\/2024\/10\/23\/se-realizo-la-jornada-de-empleo-en-el-municipio\/\">Seguir leyendo <span class=\"screen-reader-text\">Se realiz\u00f3 la Jornada de empleo en el municipio<\/span><\/a><\/p>\n","protected":false},"author":20,"featured_media":567950,"comment_status":"open","ping_status":"open","sticky":false,"template":"","format":"standard","meta":{"rop_custom_images_group":[],"rop_custom_messages_group":[],"rop_publish_now":"initial","rop_publish_now_accounts":{"facebook_10159540855086992_322828327761733":""},"rop_publish_now_history":[],"rop_publish_now_status":"pending","footnotes":""},"categories":[443,433],"tags":[300,436],"class_list":["post-567949","post","type-post","status-publish","format-standard","has-post-thumbnail","hentry","category-san-agustin-metzquititlan","category-sierra-alta","tag-san-agustin-metzquititlan","tag-sierra-alta","entry"],"_links":{"self":[{"href":"https:\/\/www.zunoticia.com\/noticias-de-hidalgo\/wp-json\/wp\/v2\/posts\/567949","targetHints":{"allow":["GET"]}}],"collection":[{"href":"https:\/\/www.zunoticia.com\/noticias-de-hidalgo\/wp-json\/wp\/v2\/posts"}],"about":[{"href":"https:\/\/www.zunoticia.com\/noticias-de-hidalgo\/wp-json\/wp\/v2\/types\/post"}],"author":[{"embeddable":true,"href":"https:\/\/www.zunoticia.com\/noticias-de-hidalgo\/wp-json\/wp\/v2\/users\/20"}],"replies":[{"embeddable":true,"href":"https:\/\/www.zunoticia.com\/noticias-de-hidalgo\/wp-json\/wp\/v2\/comments?post=567949"}],"version-history":[{"count":1,"href":"https:\/\/www.zunoticia.com\/noticias-de-hidalgo\/wp-json\/wp\/v2\/posts\/567949\/revisions"}],"predecessor-version":[{"id":567952,"href":"https:\/\/www.zunoticia.com\/noticias-de-hidalgo\/wp-json\/wp\/v2\/posts\/567949\/revisions\/567952"}],"wp:featuredmedia":[{"embeddable":true,"href":"https:\/\/www.zunoticia.com\/noticias-de-hidalgo\/wp-json\/wp\/v2\/media\/567950"}],"wp:attachment":[{"href":"https:\/\/www.zunoticia.com\/noticias-de-hidalgo\/wp-json\/wp\/v2\/media?parent=567949"}],"wp:term":[{"taxonomy":"category","embeddable":true,"href":"https:\/\/www.zunoticia.com\/noticias-de-hidalgo\/wp-json\/wp\/v2\/categories?post=567949"},{"taxonomy":"post_tag","embeddable":true,"href":"https:\/\/www.zunoticia.com\/noticias-de-hidalgo\/wp-json\/wp\/v2\/tags?post=567949"}],"curies":[{"name":"wp","href":"https:\/\/api.w.org\/{rel}","templated":true}]}}