{"id":568683,"date":"2024-10-28T15:29:51","date_gmt":"2024-10-28T21:29:51","guid":{"rendered":"https:\/\/www.zunoticia.com\/noticias-de-hidalgo\/?p=568683"},"modified":"2024-10-28T15:29:52","modified_gmt":"2024-10-28T21:29:52","slug":"jovenes-emigran-por-la-falta-de-empleo","status":"publish","type":"post","link":"https:\/\/www.zunoticia.com\/noticias-de-hidalgo\/2024\/10\/28\/jovenes-emigran-por-la-falta-de-empleo\/","title":{"rendered":"J\u00f3venes emigran por la falta de empleo"},"content":{"rendered":"<aside class=\"mashsb-container mashsb-main mashsb-stretched\"><div class=\"mashsb-box\"><div class=\"mashsb-count mash-large\" style=\"float:left\"><div class=\"counts mashsbcount\">0<\/div><span class=\"mashsb-sharetext\">SHARES<\/span><\/div><div class=\"mashsb-buttons\"><a class=\"mashicon-facebook mash-large mash-center mashsb-noshadow\" href=\"https:\/\/www.facebook.com\/sharer.php?u=https%3A%2F%2Fwww.zunoticia.com%2Fnoticias-de-hidalgo%2F2024%2F10%2F28%2Fjovenes-emigran-por-la-falta-de-empleo%2F\" target=\"_top\" rel=\"nofollow\"><span class=\"icon\"><\/span><span class=\"text\">Share<\/span><\/a><a class=\"mashicon-twitter mash-large mash-center mashsb-noshadow\" href=\"https:\/\/twitter.com\/intent\/tweet?text=&amp;url=https:\/\/www.zunoticia.com\/noticias-de-hidalgo\/2024\/10\/28\/jovenes-emigran-por-la-falta-de-empleo\/\" target=\"_top\" rel=\"nofollow\"><span class=\"icon\"><\/span><span class=\"text\">Tweet<\/span><\/a><div class=\"onoffswitch2 mash-large mashsb-noshadow\" style=\"display:none\"><\/div><\/div>\n            <\/div>\n                <div style=\"clear:both\"><\/div><div class=\"mashsb-toggle-container\"><\/div><\/aside>\n            <!-- Share buttons by mashshare.net - Version: 4.0.47-->\n<p><em>Por Esmeralda Vargas \/ Zunoticia<\/em><\/p>\n\n\n\n<p><strong>San Agust\u00edn Metzquititl\u00e1n, Hgo<\/strong>.- La falta de oportunidades laborales en el municipio ha llevado a un creciente n\u00famero de j\u00f3venes a buscar empleo en el extranjero, durante la reciente jornada de empleo, el coordinador de Gesti\u00f3n, Alfonso Olivares L\u00f3pez, destac\u00f3 esta problem\u00e1tica, afirmando que muchos j\u00f3venes sienten la necesidad de emigrar debido a la escasez de opciones en su localidad.<\/p>\n\n\n\n<p>Olivares mencion\u00f3 que, aunque existen iniciativas como las jornadas de empleo, la realidad es que &#8220;hay mucha gente joven que no termina la escuela y se ve en la necesidad de salir a Estados Unidos y Canad\u00e1&#8221;. Este problema se convierte en un tema cr\u00edtico, ya que muchos de estos buscan no s\u00f3lo un mejor futuro, sino tambi\u00e9n la posibilidad de subsistir en un entorno econ\u00f3mico que no les brinda las oportunidades necesarias.<\/p>\n\n\n\n<p>&nbsp;&#8220;Actualmente tenemos ofertas de trabajo para Canad\u00e1, Alemania y Estados Unidos&#8221;, destac\u00f3, subrayando que estas oportunidades podr\u00edan ser una soluci\u00f3n para quienes buscan mejorar su calidad de vida.<\/p>\n\n\n\n<p>Este fen\u00f3meno de la emigraci\u00f3n juvenil plantea un urgente llamado a las autoridades y empresas locales para crear un entorno m\u00e1s propicio que retenga a los talentos j\u00f3venes en el municipio, evitando as\u00ed que se vean obligados a dejar su hogar en busca de un futuro mejor. La generaci\u00f3n de empleo de calidad y la formaci\u00f3n adecuada son fundamentales para revertir esta tendencia y fortalecer la econom\u00eda local.<\/p>\n","protected":false},"excerpt":{"rendered":"<p>Por Esmeralda Vargas \/ Zunoticia San Agust\u00edn Metzquititl\u00e1n, Hgo.- La falta de oportunidades laborales en el municipio ha llevado a un creciente n\u00famero de j\u00f3venes a buscar empleo en el extranjero, durante la reciente jornada de empleo, el coordinador de Gesti\u00f3n, Alfonso Olivares L\u00f3pez, destac\u00f3 esta problem\u00e1tica, afirmando que muchos j\u00f3venes sienten la necesidad de&hellip; <a class=\"more-link\" href=\"https:\/\/www.zunoticia.com\/noticias-de-hidalgo\/2024\/10\/28\/jovenes-emigran-por-la-falta-de-empleo\/\">Seguir leyendo <span class=\"screen-reader-text\">J\u00f3venes emigran por la falta de empleo<\/span><\/a><\/p>\n","protected":false},"author":20,"featured_media":568684,"comment_status":"open","ping_status":"open","sticky":false,"template":"","format":"standard","meta":{"rop_custom_images_group":[],"rop_custom_messages_group":[],"rop_publish_now":"initial","rop_publish_now_accounts":{"facebook_10159540855086992_322828327761733":""},"rop_publish_now_history":[],"rop_publish_now_status":"pending","footnotes":""},"categories":[443,433],"tags":[300,436],"class_list":["post-568683","post","type-post","status-publish","format-standard","has-post-thumbnail","hentry","category-san-agustin-metzquititlan","category-sierra-alta","tag-san-agustin-metzquititlan","tag-sierra-alta","entry"],"_links":{"self":[{"href":"https:\/\/www.zunoticia.com\/noticias-de-hidalgo\/wp-json\/wp\/v2\/posts\/568683","targetHints":{"allow":["GET"]}}],"collection":[{"href":"https:\/\/www.zunoticia.com\/noticias-de-hidalgo\/wp-json\/wp\/v2\/posts"}],"about":[{"href":"https:\/\/www.zunoticia.com\/noticias-de-hidalgo\/wp-json\/wp\/v2\/types\/post"}],"author":[{"embeddable":true,"href":"https:\/\/www.zunoticia.com\/noticias-de-hidalgo\/wp-json\/wp\/v2\/users\/20"}],"replies":[{"embeddable":true,"href":"https:\/\/www.zunoticia.com\/noticias-de-hidalgo\/wp-json\/wp\/v2\/comments?post=568683"}],"version-history":[{"count":1,"href":"https:\/\/www.zunoticia.com\/noticias-de-hidalgo\/wp-json\/wp\/v2\/posts\/568683\/revisions"}],"predecessor-version":[{"id":568685,"href":"https:\/\/www.zunoticia.com\/noticias-de-hidalgo\/wp-json\/wp\/v2\/posts\/568683\/revisions\/568685"}],"wp:featuredmedia":[{"embeddable":true,"href":"https:\/\/www.zunoticia.com\/noticias-de-hidalgo\/wp-json\/wp\/v2\/media\/568684"}],"wp:attachment":[{"href":"https:\/\/www.zunoticia.com\/noticias-de-hidalgo\/wp-json\/wp\/v2\/media?parent=568683"}],"wp:term":[{"taxonomy":"category","embeddable":true,"href":"https:\/\/www.zunoticia.com\/noticias-de-hidalgo\/wp-json\/wp\/v2\/categories?post=568683"},{"taxonomy":"post_tag","embeddable":true,"href":"https:\/\/www.zunoticia.com\/noticias-de-hidalgo\/wp-json\/wp\/v2\/tags?post=568683"}],"curies":[{"name":"wp","href":"https:\/\/api.w.org\/{rel}","templated":true}]}}