{"id":568830,"date":"2024-10-29T13:17:08","date_gmt":"2024-10-29T19:17:08","guid":{"rendered":"https:\/\/www.zunoticia.com\/noticias-de-hidalgo\/?p=568830"},"modified":"2024-10-29T13:17:10","modified_gmt":"2024-10-29T19:17:10","slug":"choque-de-automovil-con-motocicleta-dejo-un-lesionado","status":"publish","type":"post","link":"https:\/\/www.zunoticia.com\/noticias-de-hidalgo\/2024\/10\/29\/choque-de-automovil-con-motocicleta-dejo-un-lesionado\/","title":{"rendered":"Choque de autom\u00f3vil con motocicleta dej\u00f3 un lesionado"},"content":{"rendered":"<aside class=\"mashsb-container mashsb-main mashsb-stretched\"><div class=\"mashsb-box\"><div class=\"mashsb-count mash-large\" style=\"float:left\"><div class=\"counts mashsbcount\">0<\/div><span class=\"mashsb-sharetext\">SHARES<\/span><\/div><div class=\"mashsb-buttons\"><a class=\"mashicon-facebook mash-large mash-center mashsb-noshadow\" href=\"https:\/\/www.facebook.com\/sharer.php?u=https%3A%2F%2Fwww.zunoticia.com%2Fnoticias-de-hidalgo%2F2024%2F10%2F29%2Fchoque-de-automovil-con-motocicleta-dejo-un-lesionado%2F\" target=\"_top\" rel=\"nofollow\"><span class=\"icon\"><\/span><span class=\"text\">Share<\/span><\/a><a class=\"mashicon-twitter mash-large mash-center mashsb-noshadow\" href=\"https:\/\/twitter.com\/intent\/tweet?text=&amp;url=https:\/\/www.zunoticia.com\/noticias-de-hidalgo\/2024\/10\/29\/choque-de-automovil-con-motocicleta-dejo-un-lesionado\/\" target=\"_top\" rel=\"nofollow\"><span class=\"icon\"><\/span><span class=\"text\">Tweet<\/span><\/a><div class=\"onoffswitch2 mash-large mashsb-noshadow\" style=\"display:none\"><\/div><\/div>\n            <\/div>\n                <div style=\"clear:both\"><\/div><div class=\"mashsb-toggle-container\"><\/div><\/aside>\n            <!-- Share buttons by mashshare.net - Version: 4.0.47-->\n<p><em>Por Roberto Ram\u00edrez \/Zunoticia<\/em><\/p>\n\n\n\n<p><strong>San Felipe Orizatl\u00e1n, Hgo<\/strong>. &#8211; Un automovilista, al parecer, ante la falta de precauci\u00f3n al circular en una de las calles de la cabecera municipal, choc\u00f3 con una motocicleta dejando un lesionado y da\u00f1os materiales en ambos veh\u00edculos; param\u00e9dicos de Protecci\u00f3n civil municipal arribaron al lugar para auxiliar a un menor de edad.<\/p>\n\n\n\n<p>El accidente ocurri\u00f3 sobre la calle Ni\u00f1os H\u00e9roes de la cabecera municipal, en donde el conductor de un auto Tsuru, choc\u00f3 con la moto de un menor de edad, por el impacto el motociclista sufri\u00f3 diversas lesiones; socorristas de esa dependencia lo inmovilizaron en una camilla para trasladarlo al Centro de salud.<\/p>\n\n\n\n<p>Polic\u00edas municipales hicieron acto de presencia para intervenir en este accidente, en donde requirieron al conductor del autom\u00f3vil para que respondiera por los hechos; el autom\u00f3vil y la motocicleta fueron resguardados por la polic\u00eda.<\/p>\n","protected":false},"excerpt":{"rendered":"<p>Por Roberto Ram\u00edrez \/Zunoticia San Felipe Orizatl\u00e1n, Hgo. &#8211; Un automovilista, al parecer, ante la falta de precauci\u00f3n al circular en una de las calles de la cabecera municipal, choc\u00f3 con una motocicleta dejando un lesionado y da\u00f1os materiales en ambos veh\u00edculos; param\u00e9dicos de Protecci\u00f3n civil municipal arribaron al lugar para auxiliar a un menor&hellip; <a class=\"more-link\" href=\"https:\/\/www.zunoticia.com\/noticias-de-hidalgo\/2024\/10\/29\/choque-de-automovil-con-motocicleta-dejo-un-lesionado\/\">Seguir leyendo <span class=\"screen-reader-text\">Choque de autom\u00f3vil con motocicleta dej\u00f3 un lesionado<\/span><\/a><\/p>\n","protected":false},"author":20,"featured_media":568831,"comment_status":"open","ping_status":"open","sticky":false,"template":"","format":"standard","meta":{"rop_custom_images_group":[],"rop_custom_messages_group":[],"rop_publish_now":"initial","rop_publish_now_accounts":{"facebook_10159540855086992_322828327761733":""},"rop_publish_now_history":[],"rop_publish_now_status":"pending","footnotes":""},"categories":[178],"tags":[259],"class_list":["post-568830","post","type-post","status-publish","format-standard","has-post-thumbnail","hentry","category-policiaca","tag-policiaca","entry"],"_links":{"self":[{"href":"https:\/\/www.zunoticia.com\/noticias-de-hidalgo\/wp-json\/wp\/v2\/posts\/568830","targetHints":{"allow":["GET"]}}],"collection":[{"href":"https:\/\/www.zunoticia.com\/noticias-de-hidalgo\/wp-json\/wp\/v2\/posts"}],"about":[{"href":"https:\/\/www.zunoticia.com\/noticias-de-hidalgo\/wp-json\/wp\/v2\/types\/post"}],"author":[{"embeddable":true,"href":"https:\/\/www.zunoticia.com\/noticias-de-hidalgo\/wp-json\/wp\/v2\/users\/20"}],"replies":[{"embeddable":true,"href":"https:\/\/www.zunoticia.com\/noticias-de-hidalgo\/wp-json\/wp\/v2\/comments?post=568830"}],"version-history":[{"count":1,"href":"https:\/\/www.zunoticia.com\/noticias-de-hidalgo\/wp-json\/wp\/v2\/posts\/568830\/revisions"}],"predecessor-version":[{"id":568832,"href":"https:\/\/www.zunoticia.com\/noticias-de-hidalgo\/wp-json\/wp\/v2\/posts\/568830\/revisions\/568832"}],"wp:featuredmedia":[{"embeddable":true,"href":"https:\/\/www.zunoticia.com\/noticias-de-hidalgo\/wp-json\/wp\/v2\/media\/568831"}],"wp:attachment":[{"href":"https:\/\/www.zunoticia.com\/noticias-de-hidalgo\/wp-json\/wp\/v2\/media?parent=568830"}],"wp:term":[{"taxonomy":"category","embeddable":true,"href":"https:\/\/www.zunoticia.com\/noticias-de-hidalgo\/wp-json\/wp\/v2\/categories?post=568830"},{"taxonomy":"post_tag","embeddable":true,"href":"https:\/\/www.zunoticia.com\/noticias-de-hidalgo\/wp-json\/wp\/v2\/tags?post=568830"}],"curies":[{"name":"wp","href":"https:\/\/api.w.org\/{rel}","templated":true}]}}