{"id":568837,"date":"2024-10-29T13:31:56","date_gmt":"2024-10-29T19:31:56","guid":{"rendered":"https:\/\/www.zunoticia.com\/noticias-de-hidalgo\/?p=568837"},"modified":"2024-10-29T13:31:57","modified_gmt":"2024-10-29T19:31:57","slug":"motociclista-lesionado-al-derrapar-y-caer-5","status":"publish","type":"post","link":"https:\/\/www.zunoticia.com\/noticias-de-hidalgo\/2024\/10\/29\/motociclista-lesionado-al-derrapar-y-caer-5\/","title":{"rendered":"Motociclista lesionado al derrapar y caer"},"content":{"rendered":"<aside class=\"mashsb-container mashsb-main mashsb-stretched\"><div class=\"mashsb-box\"><div class=\"mashsb-count mash-large\" style=\"float:left\"><div class=\"counts mashsbcount\">0<\/div><span class=\"mashsb-sharetext\">SHARES<\/span><\/div><div class=\"mashsb-buttons\"><a class=\"mashicon-facebook mash-large mash-center mashsb-noshadow\" href=\"https:\/\/www.facebook.com\/sharer.php?u=https%3A%2F%2Fwww.zunoticia.com%2Fnoticias-de-hidalgo%2F2024%2F10%2F29%2Fmotociclista-lesionado-al-derrapar-y-caer-5%2F\" target=\"_top\" rel=\"nofollow\"><span class=\"icon\"><\/span><span class=\"text\">Share<\/span><\/a><a class=\"mashicon-twitter mash-large mash-center mashsb-noshadow\" href=\"https:\/\/twitter.com\/intent\/tweet?text=&amp;url=https:\/\/www.zunoticia.com\/noticias-de-hidalgo\/2024\/10\/29\/motociclista-lesionado-al-derrapar-y-caer-5\/\" target=\"_top\" rel=\"nofollow\"><span class=\"icon\"><\/span><span class=\"text\">Tweet<\/span><\/a><div class=\"onoffswitch2 mash-large mashsb-noshadow\" style=\"display:none\"><\/div><\/div>\n            <\/div>\n                <div style=\"clear:both\"><\/div><div class=\"mashsb-toggle-container\"><\/div><\/aside>\n            <!-- Share buttons by mashshare.net - Version: 4.0.47-->\n<p><em>Por Roberto Meza \/Zunoticia<\/em><\/p>\n\n\n\n<p><strong>Huejutla, Hgo<\/strong>. &#8211; Un motociclista sufri\u00f3 diversas lesiones en su humanidad, luego de que presuntamente por el exceso de velocidad y al perder el control de su unidad se derrap\u00f3 y cay\u00f3, quedando tendido en el pavimento, sobre la calle Toribio Reyes de la colonia Tahuizan.<\/p>\n\n\n\n<p>Fue la tarde de este martes cuando ocurri\u00f3 este accidente, el afectado primeramente fue auxiliado por transe\u00fantes y m\u00e1s tarde por socorristas de la Cruz Roja y bomberos, la motocicleta result\u00f3 con da\u00f1os leves; al no tener lesiones graves s\u00f3lo fue atendido en el lugar de los hechos.<\/p>\n\n\n\n<p>Al parecer, el accidente se debi\u00f3 al exceso de velocidad que llevaba el motorista, quien al frenar intempestivamente termin\u00f3 derrap\u00e1ndose y cayendo; afortunadamente s\u00f3lo qued\u00f3 en lesiones no considerables. Al lugar de los hechos llegaron polic\u00edas estatales para tomar conocimiento de los hechos.<\/p>\n\n\n\n<figure class=\"wp-block-gallery has-nested-images columns-default is-cropped wp-block-gallery-1 is-layout-flex wp-block-gallery-is-layout-flex\">\n<figure class=\"wp-block-image size-large\"><img fetchpriority=\"high\" decoding=\"async\" width=\"1040\" height=\"763\" data-id=\"568839\" src=\"https:\/\/www.zunoticia.com\/noticias-de-hidalgo\/wp-content\/uploads\/2024\/10\/WhatsApp-Image-2024-10-29-at-13.18.55.jpeg\" alt=\"\" class=\"wp-image-568839\"\/><\/figure>\n\n\n\n<figure class=\"wp-block-image size-large\"><img decoding=\"async\" width=\"1040\" height=\"605\" data-id=\"568840\" src=\"https:\/\/www.zunoticia.com\/noticias-de-hidalgo\/wp-content\/uploads\/2024\/10\/WhatsApp-Image-2024-10-29-at-13.18.31-1.jpeg\" alt=\"\" class=\"wp-image-568840\"\/><\/figure>\n<\/figure>\n","protected":false},"excerpt":{"rendered":"<p>Por Roberto Meza \/Zunoticia Huejutla, Hgo. &#8211; Un motociclista sufri\u00f3 diversas lesiones en su humanidad, luego de que presuntamente por el exceso de velocidad y al perder el control de su unidad se derrap\u00f3 y cay\u00f3, quedando tendido en el pavimento, sobre la calle Toribio Reyes de la colonia Tahuizan. Fue la tarde de este&hellip; <a class=\"more-link\" href=\"https:\/\/www.zunoticia.com\/noticias-de-hidalgo\/2024\/10\/29\/motociclista-lesionado-al-derrapar-y-caer-5\/\">Seguir leyendo <span class=\"screen-reader-text\">Motociclista lesionado al derrapar y caer<\/span><\/a><\/p>\n","protected":false},"author":20,"featured_media":568838,"comment_status":"open","ping_status":"open","sticky":false,"template":"","format":"standard","meta":{"rop_custom_images_group":[],"rop_custom_messages_group":[],"rop_publish_now":"initial","rop_publish_now_accounts":{"facebook_10159540855086992_322828327761733":""},"rop_publish_now_history":[],"rop_publish_now_status":"pending","footnotes":""},"categories":[178],"tags":[259],"class_list":["post-568837","post","type-post","status-publish","format-standard","has-post-thumbnail","hentry","category-policiaca","tag-policiaca","entry"],"_links":{"self":[{"href":"https:\/\/www.zunoticia.com\/noticias-de-hidalgo\/wp-json\/wp\/v2\/posts\/568837","targetHints":{"allow":["GET"]}}],"collection":[{"href":"https:\/\/www.zunoticia.com\/noticias-de-hidalgo\/wp-json\/wp\/v2\/posts"}],"about":[{"href":"https:\/\/www.zunoticia.com\/noticias-de-hidalgo\/wp-json\/wp\/v2\/types\/post"}],"author":[{"embeddable":true,"href":"https:\/\/www.zunoticia.com\/noticias-de-hidalgo\/wp-json\/wp\/v2\/users\/20"}],"replies":[{"embeddable":true,"href":"https:\/\/www.zunoticia.com\/noticias-de-hidalgo\/wp-json\/wp\/v2\/comments?post=568837"}],"version-history":[{"count":1,"href":"https:\/\/www.zunoticia.com\/noticias-de-hidalgo\/wp-json\/wp\/v2\/posts\/568837\/revisions"}],"predecessor-version":[{"id":568841,"href":"https:\/\/www.zunoticia.com\/noticias-de-hidalgo\/wp-json\/wp\/v2\/posts\/568837\/revisions\/568841"}],"wp:featuredmedia":[{"embeddable":true,"href":"https:\/\/www.zunoticia.com\/noticias-de-hidalgo\/wp-json\/wp\/v2\/media\/568838"}],"wp:attachment":[{"href":"https:\/\/www.zunoticia.com\/noticias-de-hidalgo\/wp-json\/wp\/v2\/media?parent=568837"}],"wp:term":[{"taxonomy":"category","embeddable":true,"href":"https:\/\/www.zunoticia.com\/noticias-de-hidalgo\/wp-json\/wp\/v2\/categories?post=568837"},{"taxonomy":"post_tag","embeddable":true,"href":"https:\/\/www.zunoticia.com\/noticias-de-hidalgo\/wp-json\/wp\/v2\/tags?post=568837"}],"curies":[{"name":"wp","href":"https:\/\/api.w.org\/{rel}","templated":true}]}}