{"id":568847,"date":"2024-10-29T14:29:06","date_gmt":"2024-10-29T20:29:06","guid":{"rendered":"https:\/\/www.zunoticia.com\/noticias-de-hidalgo\/?p=568847"},"modified":"2024-10-29T14:29:07","modified_gmt":"2024-10-29T20:29:07","slug":"inician-las-actividades-culturales-en-el-marco-de-dia-de-muertos","status":"publish","type":"post","link":"https:\/\/www.zunoticia.com\/noticias-de-hidalgo\/2024\/10\/29\/inician-las-actividades-culturales-en-el-marco-de-dia-de-muertos\/","title":{"rendered":"Inician las actividades culturales en el marco de D\u00eda de Muertos"},"content":{"rendered":"<aside class=\"mashsb-container mashsb-main mashsb-stretched\"><div class=\"mashsb-box\"><div class=\"mashsb-count mash-large\" style=\"float:left\"><div class=\"counts mashsbcount\">0<\/div><span class=\"mashsb-sharetext\">SHARES<\/span><\/div><div class=\"mashsb-buttons\"><a class=\"mashicon-facebook mash-large mash-center mashsb-noshadow\" href=\"https:\/\/www.facebook.com\/sharer.php?u=https%3A%2F%2Fwww.zunoticia.com%2Fnoticias-de-hidalgo%2F2024%2F10%2F29%2Finician-las-actividades-culturales-en-el-marco-de-dia-de-muertos%2F\" target=\"_top\" rel=\"nofollow\"><span class=\"icon\"><\/span><span class=\"text\">Share<\/span><\/a><a class=\"mashicon-twitter mash-large mash-center mashsb-noshadow\" href=\"https:\/\/twitter.com\/intent\/tweet?text=&amp;url=https:\/\/www.zunoticia.com\/noticias-de-hidalgo\/2024\/10\/29\/inician-las-actividades-culturales-en-el-marco-de-dia-de-muertos\/\" target=\"_top\" rel=\"nofollow\"><span class=\"icon\"><\/span><span class=\"text\">Tweet<\/span><\/a><div class=\"onoffswitch2 mash-large mashsb-noshadow\" style=\"display:none\"><\/div><\/div>\n            <\/div>\n                <div style=\"clear:both\"><\/div><div class=\"mashsb-toggle-container\"><\/div><\/aside>\n            <!-- Share buttons by mashshare.net - Version: 4.0.47-->\n<ul class=\"wp-block-list\">\n<li>Dan a conocer el programa para los pr\u00f3ximos d\u00edas.<\/li>\n<\/ul>\n\n\n\n<p><em>Por Georgina Jaramillo\/Zunoticia<\/em><\/p>\n\n\n\n<p><strong>Zacualtip\u00e1n de \u00c1ngeles, Hgo<\/strong>.- Dieron inicio las actividades por parte del gobierno municipal, que preside el alcalde Amado P\u00e9rez Hern\u00e1ndez, a trav\u00e9s de las direcciones de Turismo y Cultura, para lo cual ya se realiz\u00f3 la primera en el pante\u00f3n municipal \u201cDel Carmen\u201d, con un recorrido a las 8:00 de la noche.<\/p>\n\n\n\n<p>El director de Turismo, Juan Carlos P\u00e9rez Olivares, realiz\u00f3 la lectura de historias de personajes importantes, quienes han formado parte de la historia de este municipio y donde se cont\u00f3 con una muy buena respuesta por parte de la audiencia.<\/p>\n\n\n\n<p>En entrevista para Zunoticia Global, Juan Carlos P\u00e9rez dijo que, dicha actividad se llev\u00f3 a cabo con mucho respeto, pero tambi\u00e9n con el objetivo de inculcar a los ni\u00f1os el valor de la historia de este municipio.<\/p>\n\n\n\n<p>Anunci\u00f3 que, la noche del martes se ten\u00eda programado otro recorrido en el pante\u00f3n, para lo cual- dijo- \u201cest\u00e1n todos invitados a las 8:00 de la noche y a las 10:00 al segundo\u201d.<\/p>\n\n\n\n<p>Para el mi\u00e9rcoles se estar\u00e1 llevando a cabo el evento institucional del gobierno municipal, el cual iniciar\u00e1 con un concurso de Catrinas a cargo del Sistema Municipal DIF, que preside la se\u00f1ora Arely Guti\u00e9rrez Hern\u00e1ndez; adem\u00e1s de una tarde cultural que organiza la direcci\u00f3n de Educaci\u00f3n y Cultura, a partir de las 40: 30 de la tarde, para lo cual se hizo una invitaci\u00f3n abierta, pero en especial a las instituciones educativas del municipio.<\/p>\n\n\n\n<p>&nbsp;En este \u00faltimo caso- dijo- habr\u00e1 un premio en efectivo al plantel que lleve el mayor contingente de participantes.<\/p>\n\n\n\n<p>Se est\u00e1 trabajando en conjunto con otras organizaciones y anunci\u00f3 que, el d\u00eda 31 de octubre se contempla una rodada de motocicletas, denominada \u201cRodada del Terror\u201d, en la cancha publica de Chililipa, a las 7:00 de la tarde.<\/p>\n\n\n\n<p>El d\u00eda 1 de noviembre se estar\u00e1 llevando a cabo un evento de Catrinas, en el barrio Cacala; a las 6:00 de la tarde la presentaci\u00f3n de la Cuadrilla del barrio y un concurso de Catrinas por parte de los habitantes del lugar.<\/p>\n\n\n\n<p>Se cierran las actividades el 3 de noviembre con una exhibici\u00f3n de carros en el terreno de los hermanos Paredes, en la colonia \u201cL\u00f3pez Mateos\u201d, a las 2:00 de la tarde.<\/p>\n","protected":false},"excerpt":{"rendered":"<p>Por Georgina Jaramillo\/Zunoticia Zacualtip\u00e1n de \u00c1ngeles, Hgo.- Dieron inicio las actividades por parte del gobierno municipal, que preside el alcalde Amado P\u00e9rez Hern\u00e1ndez, a trav\u00e9s de las direcciones de Turismo y Cultura, para lo cual ya se realiz\u00f3 la primera en el pante\u00f3n municipal \u201cDel Carmen\u201d, con un recorrido a las 8:00 de la noche.&hellip; <a class=\"more-link\" href=\"https:\/\/www.zunoticia.com\/noticias-de-hidalgo\/2024\/10\/29\/inician-las-actividades-culturales-en-el-marco-de-dia-de-muertos\/\">Seguir leyendo <span class=\"screen-reader-text\">Inician las actividades culturales en el marco de D\u00eda de Muertos<\/span><\/a><\/p>\n","protected":false},"author":20,"featured_media":568848,"comment_status":"open","ping_status":"open","sticky":false,"template":"","format":"standard","meta":{"rop_custom_images_group":[],"rop_custom_messages_group":[],"rop_publish_now":"initial","rop_publish_now_accounts":{"facebook_10159540855086992_322828327761733":""},"rop_publish_now_history":[],"rop_publish_now_status":"pending","footnotes":""},"categories":[433,441],"tags":[436,302],"class_list":["post-568847","post","type-post","status-publish","format-standard","has-post-thumbnail","hentry","category-sierra-alta","category-zacualtipan-sierra-alta","tag-sierra-alta","tag-zacualtipan","entry"],"_links":{"self":[{"href":"https:\/\/www.zunoticia.com\/noticias-de-hidalgo\/wp-json\/wp\/v2\/posts\/568847","targetHints":{"allow":["GET"]}}],"collection":[{"href":"https:\/\/www.zunoticia.com\/noticias-de-hidalgo\/wp-json\/wp\/v2\/posts"}],"about":[{"href":"https:\/\/www.zunoticia.com\/noticias-de-hidalgo\/wp-json\/wp\/v2\/types\/post"}],"author":[{"embeddable":true,"href":"https:\/\/www.zunoticia.com\/noticias-de-hidalgo\/wp-json\/wp\/v2\/users\/20"}],"replies":[{"embeddable":true,"href":"https:\/\/www.zunoticia.com\/noticias-de-hidalgo\/wp-json\/wp\/v2\/comments?post=568847"}],"version-history":[{"count":2,"href":"https:\/\/www.zunoticia.com\/noticias-de-hidalgo\/wp-json\/wp\/v2\/posts\/568847\/revisions"}],"predecessor-version":[{"id":568850,"href":"https:\/\/www.zunoticia.com\/noticias-de-hidalgo\/wp-json\/wp\/v2\/posts\/568847\/revisions\/568850"}],"wp:featuredmedia":[{"embeddable":true,"href":"https:\/\/www.zunoticia.com\/noticias-de-hidalgo\/wp-json\/wp\/v2\/media\/568848"}],"wp:attachment":[{"href":"https:\/\/www.zunoticia.com\/noticias-de-hidalgo\/wp-json\/wp\/v2\/media?parent=568847"}],"wp:term":[{"taxonomy":"category","embeddable":true,"href":"https:\/\/www.zunoticia.com\/noticias-de-hidalgo\/wp-json\/wp\/v2\/categories?post=568847"},{"taxonomy":"post_tag","embeddable":true,"href":"https:\/\/www.zunoticia.com\/noticias-de-hidalgo\/wp-json\/wp\/v2\/tags?post=568847"}],"curies":[{"name":"wp","href":"https:\/\/api.w.org\/{rel}","templated":true}]}}