{"id":568855,"date":"2024-10-29T15:24:03","date_gmt":"2024-10-29T21:24:03","guid":{"rendered":"https:\/\/www.zunoticia.com\/noticias-de-hidalgo\/?p=568855"},"modified":"2024-10-29T15:24:05","modified_gmt":"2024-10-29T21:24:05","slug":"plaza-de-armas-se-llena-de-vida-con-adornos-alusivos-al-dia-de-muertos","status":"publish","type":"post","link":"https:\/\/www.zunoticia.com\/noticias-de-hidalgo\/2024\/10\/29\/plaza-de-armas-se-llena-de-vida-con-adornos-alusivos-al-dia-de-muertos\/","title":{"rendered":"Plaza de armas se llena de vida con adornos alusivos al d\u00eda de muertos"},"content":{"rendered":"<aside class=\"mashsb-container mashsb-main mashsb-stretched\"><div class=\"mashsb-box\"><div class=\"mashsb-count mash-large\" style=\"float:left\"><div class=\"counts mashsbcount\">0<\/div><span class=\"mashsb-sharetext\">SHARES<\/span><\/div><div class=\"mashsb-buttons\"><a class=\"mashicon-facebook mash-large mash-center mashsb-noshadow\" href=\"https:\/\/www.facebook.com\/sharer.php?u=https%3A%2F%2Fwww.zunoticia.com%2Fnoticias-de-hidalgo%2F2024%2F10%2F29%2Fplaza-de-armas-se-llena-de-vida-con-adornos-alusivos-al-dia-de-muertos%2F\" target=\"_top\" rel=\"nofollow\"><span class=\"icon\"><\/span><span class=\"text\">Share<\/span><\/a><a class=\"mashicon-twitter mash-large mash-center mashsb-noshadow\" href=\"https:\/\/twitter.com\/intent\/tweet?text=&amp;url=https:\/\/www.zunoticia.com\/noticias-de-hidalgo\/2024\/10\/29\/plaza-de-armas-se-llena-de-vida-con-adornos-alusivos-al-dia-de-muertos\/\" target=\"_top\" rel=\"nofollow\"><span class=\"icon\"><\/span><span class=\"text\">Tweet<\/span><\/a><div class=\"onoffswitch2 mash-large mashsb-noshadow\" style=\"display:none\"><\/div><\/div>\n            <\/div>\n                <div style=\"clear:both\"><\/div><div class=\"mashsb-toggle-container\"><\/div><\/aside>\n            <!-- Share buttons by mashshare.net - Version: 4.0.47-->\n<p><em>Por Esmeralda Vargas\/Zunoticia<\/em><\/p>\n\n\n\n<p><strong>San Agust\u00edn Metzquititl\u00e1n, Hgo<\/strong>.- Por primera vez, el municipio de San Agust\u00edn celebra el D\u00eda de Muertos adornando el quiosco y el jard\u00edn principal con elementos t\u00edpicos de esta festividad. Gracias a la colaboraci\u00f3n de todo el personal de la presidencia, desde directores de \u00e1rea hasta el equipo de limpieza, la plaza de armas se ha transformado en un espacio vibrante y lleno de tradici\u00f3n.<\/p>\n\n\n\n<p>Los visitantes podr\u00e1n admirar impresionantes arcos de flor de cempoalx\u00f3chitl, calaveras iluminadas y luces que a\u00f1aden un toque especial a la celebraci\u00f3n. Este esfuerzo ha requerido que muchos trabajen hasta altas horas de la noche, reflejando el compromiso y la dedicaci\u00f3n de la comunidad para embellecer el municipio.<\/p>\n\n\n\n<figure class=\"wp-block-image size-full\"><img fetchpriority=\"high\" decoding=\"async\" width=\"933\" height=\"524\" src=\"https:\/\/www.zunoticia.com\/noticias-de-hidalgo\/wp-content\/uploads\/2024\/10\/Zunoticia-Huejutla-480.png\" alt=\"\" class=\"wp-image-568858\"\/><\/figure>\n\n\n\n<p>Adem\u00e1s, se est\u00e1 preparando un altar y una imponente catrina de aproximadamente cinco metros, que se colocar\u00e1 frente a la presidencia municipal. Este proyecto est\u00e1 siendo liderado por Jorge Alberto Sibaja Ortega, auxiliar de Cultura, en conjunto con el profesor Horacio Emiliano G\u00f3mez Carmona, director de dicha \u00e1rea.<\/p>\n\n\n\n<p>Esta actividad ha sido encomendada por el presidente municipal, Germ\u00e1n Hern\u00e1ndez P\u00e9rez, con el objetivo de que los habitantes de San Agust\u00edn disfruten de un ambiente festivo y colorido durante los eventos programados. La celebraci\u00f3n del D\u00eda de Muertos se ha convertido en una ocasi\u00f3n para unir a la comunidad y rendir homenaje a quienes han partido, todo en un marco de alegr\u00eda y color.<\/p>\n\n\n\n<figure class=\"wp-block-image size-full\"><img decoding=\"async\" width=\"933\" height=\"524\" src=\"https:\/\/www.zunoticia.com\/noticias-de-hidalgo\/wp-content\/uploads\/2024\/10\/Zunoticia-Huejutla-2-130.png\" alt=\"\" class=\"wp-image-568857\"\/><\/figure>\n","protected":false},"excerpt":{"rendered":"<p>Por Esmeralda Vargas\/Zunoticia San Agust\u00edn Metzquititl\u00e1n, Hgo.- Por primera vez, el municipio de San Agust\u00edn celebra el D\u00eda de Muertos adornando el quiosco y el jard\u00edn principal con elementos t\u00edpicos de esta festividad. Gracias a la colaboraci\u00f3n de todo el personal de la presidencia, desde directores de \u00e1rea hasta el equipo de limpieza, la plaza&hellip; <a class=\"more-link\" href=\"https:\/\/www.zunoticia.com\/noticias-de-hidalgo\/2024\/10\/29\/plaza-de-armas-se-llena-de-vida-con-adornos-alusivos-al-dia-de-muertos\/\">Seguir leyendo <span class=\"screen-reader-text\">Plaza de armas se llena de vida con adornos alusivos al d\u00eda de muertos<\/span><\/a><\/p>\n","protected":false},"author":20,"featured_media":568856,"comment_status":"open","ping_status":"open","sticky":false,"template":"","format":"standard","meta":{"rop_custom_images_group":[],"rop_custom_messages_group":[],"rop_publish_now":"initial","rop_publish_now_accounts":{"facebook_10159540855086992_322828327761733":""},"rop_publish_now_history":[],"rop_publish_now_status":"pending","footnotes":""},"categories":[443,433],"tags":[300,436],"class_list":["post-568855","post","type-post","status-publish","format-standard","has-post-thumbnail","hentry","category-san-agustin-metzquititlan","category-sierra-alta","tag-san-agustin-metzquititlan","tag-sierra-alta","entry"],"_links":{"self":[{"href":"https:\/\/www.zunoticia.com\/noticias-de-hidalgo\/wp-json\/wp\/v2\/posts\/568855","targetHints":{"allow":["GET"]}}],"collection":[{"href":"https:\/\/www.zunoticia.com\/noticias-de-hidalgo\/wp-json\/wp\/v2\/posts"}],"about":[{"href":"https:\/\/www.zunoticia.com\/noticias-de-hidalgo\/wp-json\/wp\/v2\/types\/post"}],"author":[{"embeddable":true,"href":"https:\/\/www.zunoticia.com\/noticias-de-hidalgo\/wp-json\/wp\/v2\/users\/20"}],"replies":[{"embeddable":true,"href":"https:\/\/www.zunoticia.com\/noticias-de-hidalgo\/wp-json\/wp\/v2\/comments?post=568855"}],"version-history":[{"count":1,"href":"https:\/\/www.zunoticia.com\/noticias-de-hidalgo\/wp-json\/wp\/v2\/posts\/568855\/revisions"}],"predecessor-version":[{"id":568859,"href":"https:\/\/www.zunoticia.com\/noticias-de-hidalgo\/wp-json\/wp\/v2\/posts\/568855\/revisions\/568859"}],"wp:featuredmedia":[{"embeddable":true,"href":"https:\/\/www.zunoticia.com\/noticias-de-hidalgo\/wp-json\/wp\/v2\/media\/568856"}],"wp:attachment":[{"href":"https:\/\/www.zunoticia.com\/noticias-de-hidalgo\/wp-json\/wp\/v2\/media?parent=568855"}],"wp:term":[{"taxonomy":"category","embeddable":true,"href":"https:\/\/www.zunoticia.com\/noticias-de-hidalgo\/wp-json\/wp\/v2\/categories?post=568855"},{"taxonomy":"post_tag","embeddable":true,"href":"https:\/\/www.zunoticia.com\/noticias-de-hidalgo\/wp-json\/wp\/v2\/tags?post=568855"}],"curies":[{"name":"wp","href":"https:\/\/api.w.org\/{rel}","templated":true}]}}