{"id":568860,"date":"2024-10-29T15:32:55","date_gmt":"2024-10-29T21:32:55","guid":{"rendered":"https:\/\/www.zunoticia.com\/noticias-de-hidalgo\/?p=568860"},"modified":"2024-10-29T15:32:57","modified_gmt":"2024-10-29T21:32:57","slug":"arte-y-cultura-invitan-al-concurso-de-catrines-y-catrinas","status":"publish","type":"post","link":"https:\/\/www.zunoticia.com\/noticias-de-hidalgo\/2024\/10\/29\/arte-y-cultura-invitan-al-concurso-de-catrines-y-catrinas\/","title":{"rendered":"Arte y cultura invitan al Concurso de catrines y catrinas"},"content":{"rendered":"<aside class=\"mashsb-container mashsb-main mashsb-stretched\"><div class=\"mashsb-box\"><div class=\"mashsb-count mash-large\" style=\"float:left\"><div class=\"counts mashsbcount\">0<\/div><span class=\"mashsb-sharetext\">SHARES<\/span><\/div><div class=\"mashsb-buttons\"><a class=\"mashicon-facebook mash-large mash-center mashsb-noshadow\" href=\"https:\/\/www.facebook.com\/sharer.php?u=https%3A%2F%2Fwww.zunoticia.com%2Fnoticias-de-hidalgo%2F2024%2F10%2F29%2Farte-y-cultura-invitan-al-concurso-de-catrines-y-catrinas%2F\" target=\"_top\" rel=\"nofollow\"><span class=\"icon\"><\/span><span class=\"text\">Share<\/span><\/a><a class=\"mashicon-twitter mash-large mash-center mashsb-noshadow\" href=\"https:\/\/twitter.com\/intent\/tweet?text=&amp;url=https:\/\/www.zunoticia.com\/noticias-de-hidalgo\/2024\/10\/29\/arte-y-cultura-invitan-al-concurso-de-catrines-y-catrinas\/\" target=\"_top\" rel=\"nofollow\"><span class=\"icon\"><\/span><span class=\"text\">Tweet<\/span><\/a><div class=\"onoffswitch2 mash-large mashsb-noshadow\" style=\"display:none\"><\/div><\/div>\n            <\/div>\n                <div style=\"clear:both\"><\/div><div class=\"mashsb-toggle-container\"><\/div><\/aside>\n            <!-- Share buttons by mashshare.net - Version: 4.0.47-->\n<p><em>Por Esmeralda Vargas\/Zunoticia<\/em><\/p>\n\n\n\n<p><strong>San Agust\u00edn Metzquititl\u00e1n, Hgo<\/strong>.- Metzquititl\u00e1n se prepara para recibir el Concurso de catrinas y catrines, una iniciativa que busca fortalecer y rescatar las tradiciones y costumbres del municipio, Horacio Emiliano G\u00f3mez Carmona, director de Arte y Cultura, comparti\u00f3 detalles sobre este emocionante evento que invita a todos los habitantes a participar.<\/p>\n\n\n\n<p>El concurso tiene como fecha l\u00edmite de inscripci\u00f3n el 31 de octubre de 2024, y los interesados pueden registrarse en el \u00e1rea de Arte y Cultura, para consultas; el director indic\u00f3 que se pueden contactar a los tel\u00e9fonos 771 189 80 16 y 771 462 52 45.<\/p>\n\n\n\n<p>G\u00f3mez Carmona destac\u00f3 que, la participaci\u00f3n est\u00e1 abierta a todos los metzquititlenses, sin importar su identidad de g\u00e9nero; las categor\u00edas est\u00e1n divididas en Infantil, para ni\u00f1os de 5 a 12 a\u00f1os, y Adulto, para aquellos de 13 a\u00f1os en adelante; Entre los requisitos, se incluye realizar una pasarela establecida y enviar una rese\u00f1a junto con la canci\u00f3n de presentaci\u00f3n antes del evento.<\/p>\n\n\n\n<p>El director enfatiz\u00f3 la importancia de que cada participante est\u00e9 acompa\u00f1ado de otra persona y que se presente una copia de la identificaci\u00f3n oficial (INE) del participante o del padre\/madre en el caso de menores.<\/p>\n\n\n\n<p>El jurado, conformado por expertos en cultura, evaluar\u00e1 aspectos como el maquillaje, la creatividad en la vestimenta y el estilo en la pasarela, asegurando un proceso justo y enriquecedor.<\/p>\n\n\n\n<p>En cuanto a los premios, se otorgar\u00e1n reconocimientos en ambas categor\u00edas, con montos que van desde $500.00 pesos en la categor\u00eda Infantil, hasta $3,000.00 pesos en la categor\u00eda Adulto, garantizando que los participantes reciban un reconocimiento por su esfuerzo.<\/p>\n\n\n\n<p>Finalmente, G\u00f3mez Carmona se\u00f1al\u00f3 que, cualquier situaci\u00f3n no prevista ser\u00e1 resuelta por el \u00e1rea de Arte y Cultura, asegurando un evento bien organizado y de calidad.<\/p>\n","protected":false},"excerpt":{"rendered":"<p>Por Esmeralda Vargas\/Zunoticia San Agust\u00edn Metzquititl\u00e1n, Hgo.- Metzquititl\u00e1n se prepara para recibir el Concurso de catrinas y catrines, una iniciativa que busca fortalecer y rescatar las tradiciones y costumbres del municipio, Horacio Emiliano G\u00f3mez Carmona, director de Arte y Cultura, comparti\u00f3 detalles sobre este emocionante evento que invita a todos los habitantes a participar. El&hellip; <a class=\"more-link\" href=\"https:\/\/www.zunoticia.com\/noticias-de-hidalgo\/2024\/10\/29\/arte-y-cultura-invitan-al-concurso-de-catrines-y-catrinas\/\">Seguir leyendo <span class=\"screen-reader-text\">Arte y cultura invitan al Concurso de catrines y catrinas<\/span><\/a><\/p>\n","protected":false},"author":20,"featured_media":568861,"comment_status":"open","ping_status":"open","sticky":false,"template":"","format":"standard","meta":{"rop_custom_images_group":[],"rop_custom_messages_group":[],"rop_publish_now":"initial","rop_publish_now_accounts":{"facebook_10159540855086992_322828327761733":""},"rop_publish_now_history":[],"rop_publish_now_status":"pending","footnotes":""},"categories":[443,433],"tags":[300,436],"class_list":["post-568860","post","type-post","status-publish","format-standard","has-post-thumbnail","hentry","category-san-agustin-metzquititlan","category-sierra-alta","tag-san-agustin-metzquititlan","tag-sierra-alta","entry"],"_links":{"self":[{"href":"https:\/\/www.zunoticia.com\/noticias-de-hidalgo\/wp-json\/wp\/v2\/posts\/568860","targetHints":{"allow":["GET"]}}],"collection":[{"href":"https:\/\/www.zunoticia.com\/noticias-de-hidalgo\/wp-json\/wp\/v2\/posts"}],"about":[{"href":"https:\/\/www.zunoticia.com\/noticias-de-hidalgo\/wp-json\/wp\/v2\/types\/post"}],"author":[{"embeddable":true,"href":"https:\/\/www.zunoticia.com\/noticias-de-hidalgo\/wp-json\/wp\/v2\/users\/20"}],"replies":[{"embeddable":true,"href":"https:\/\/www.zunoticia.com\/noticias-de-hidalgo\/wp-json\/wp\/v2\/comments?post=568860"}],"version-history":[{"count":1,"href":"https:\/\/www.zunoticia.com\/noticias-de-hidalgo\/wp-json\/wp\/v2\/posts\/568860\/revisions"}],"predecessor-version":[{"id":568862,"href":"https:\/\/www.zunoticia.com\/noticias-de-hidalgo\/wp-json\/wp\/v2\/posts\/568860\/revisions\/568862"}],"wp:featuredmedia":[{"embeddable":true,"href":"https:\/\/www.zunoticia.com\/noticias-de-hidalgo\/wp-json\/wp\/v2\/media\/568861"}],"wp:attachment":[{"href":"https:\/\/www.zunoticia.com\/noticias-de-hidalgo\/wp-json\/wp\/v2\/media?parent=568860"}],"wp:term":[{"taxonomy":"category","embeddable":true,"href":"https:\/\/www.zunoticia.com\/noticias-de-hidalgo\/wp-json\/wp\/v2\/categories?post=568860"},{"taxonomy":"post_tag","embeddable":true,"href":"https:\/\/www.zunoticia.com\/noticias-de-hidalgo\/wp-json\/wp\/v2\/tags?post=568860"}],"curies":[{"name":"wp","href":"https:\/\/api.w.org\/{rel}","templated":true}]}}