{"id":568877,"date":"2024-10-29T17:06:06","date_gmt":"2024-10-29T23:06:06","guid":{"rendered":"https:\/\/www.zunoticia.com\/noticias-de-hidalgo\/?p=568877"},"modified":"2024-10-29T17:06:08","modified_gmt":"2024-10-29T23:06:08","slug":"ninas-y-ninos-de-primaria-participan-en-evento-xantolero","status":"publish","type":"post","link":"https:\/\/www.zunoticia.com\/noticias-de-hidalgo\/2024\/10\/29\/ninas-y-ninos-de-primaria-participan-en-evento-xantolero\/","title":{"rendered":"Ni\u00f1as y ni\u00f1os de primaria participan en evento Xantolero"},"content":{"rendered":"<aside class=\"mashsb-container mashsb-main mashsb-stretched\"><div class=\"mashsb-box\"><div class=\"mashsb-count mash-large\" style=\"float:left\"><div class=\"counts mashsbcount\">0<\/div><span class=\"mashsb-sharetext\">SHARES<\/span><\/div><div class=\"mashsb-buttons\"><a class=\"mashicon-facebook mash-large mash-center mashsb-noshadow\" href=\"https:\/\/www.facebook.com\/sharer.php?u=https%3A%2F%2Fwww.zunoticia.com%2Fnoticias-de-hidalgo%2F2024%2F10%2F29%2Fninas-y-ninos-de-primaria-participan-en-evento-xantolero%2F\" target=\"_top\" rel=\"nofollow\"><span class=\"icon\"><\/span><span class=\"text\">Share<\/span><\/a><a class=\"mashicon-twitter mash-large mash-center mashsb-noshadow\" href=\"https:\/\/twitter.com\/intent\/tweet?text=&amp;url=https:\/\/www.zunoticia.com\/noticias-de-hidalgo\/2024\/10\/29\/ninas-y-ninos-de-primaria-participan-en-evento-xantolero\/\" target=\"_top\" rel=\"nofollow\"><span class=\"icon\"><\/span><span class=\"text\">Tweet<\/span><\/a><div class=\"onoffswitch2 mash-large mashsb-noshadow\" style=\"display:none\"><\/div><\/div>\n            <\/div>\n                <div style=\"clear:both\"><\/div><div class=\"mashsb-toggle-container\"><\/div><\/aside>\n            <!-- Share buttons by mashshare.net - Version: 4.0.47-->\n<p><em>Por Gabriela Hern\u00e1ndez\/Zunoticia<\/em><\/p>\n\n\n\n<p><strong>Huejutla, Hgo<\/strong>.- La Escuela primaria Lauro Aguirre, llev\u00f3 a cabo la ma\u00f1ana de este martes, un importante evento para recuperar las tradiciones en especial la que representa y&nbsp; distingue como huejutlenses, el &#8220;Xantolo&#8221;.<\/p>\n\n\n\n<p>Estas actividades se llevaron a cabo en las instalaciones del plantel educativo, se tuvo la participaci\u00f3n de los peque\u00f1os alumnos, los cuales contin\u00faan manteniendo estas tradiciones.<\/p>\n\n\n\n<p>En esta actividad particip\u00f3 personal directivo, de la coordinaci\u00f3n y apoyo de la asociaci\u00f3n de padres de familia que representa la se\u00f1ora Yessica Adilene Torres Villa, presidenta de esta agrupaci\u00f3n.<\/p>\n\n\n\n<p>Dentro de la programaci\u00f3n se tuvo la &#8220;Demostraci\u00f3n de lo aprendido&#8221; donde los estudiantes hicieron la demostraci\u00f3n de artesan\u00edas, pan tradicional, calaveras literarias, m\u00e1scaras, danzas, el antes y el ahora.<\/p>\n\n\n\n<p>En el evento se tuvo la presencia de personalidades como el jefe de sector n\u00famero 10, Mtro. Floriberto Ruano Lara; Francisco Alonzo Hern\u00e1ndez director de la escuela y la maestra Noem\u00ed Hern\u00e1ndez Vel\u00e1zquez, supervisora de la zona 188 Huejutla.<\/p>\n\n\n\n<figure class=\"wp-block-gallery has-nested-images columns-default is-cropped wp-block-gallery-1 is-layout-flex wp-block-gallery-is-layout-flex\">\n<figure class=\"wp-block-image size-large\"><img fetchpriority=\"high\" decoding=\"async\" width=\"933\" height=\"524\" data-id=\"568879\" src=\"https:\/\/www.zunoticia.com\/noticias-de-hidalgo\/wp-content\/uploads\/2024\/10\/Zunoticia-Huejutla-2-131.png\" alt=\"\" class=\"wp-image-568879\"\/><\/figure>\n\n\n\n<figure class=\"wp-block-image size-large\"><img decoding=\"async\" width=\"933\" height=\"524\" data-id=\"568880\" src=\"https:\/\/www.zunoticia.com\/noticias-de-hidalgo\/wp-content\/uploads\/2024\/10\/Zunoticia-Huejutla-1-320.png\" alt=\"\" class=\"wp-image-568880\"\/><\/figure>\n<\/figure>\n","protected":false},"excerpt":{"rendered":"<p>Por Gabriela Hern\u00e1ndez\/Zunoticia Huejutla, Hgo.- La Escuela primaria Lauro Aguirre, llev\u00f3 a cabo la ma\u00f1ana de este martes, un importante evento para recuperar las tradiciones en especial la que representa y&nbsp; distingue como huejutlenses, el &#8220;Xantolo&#8221;. Estas actividades se llevaron a cabo en las instalaciones del plantel educativo, se tuvo la participaci\u00f3n de los peque\u00f1os&hellip; <a class=\"more-link\" href=\"https:\/\/www.zunoticia.com\/noticias-de-hidalgo\/2024\/10\/29\/ninas-y-ninos-de-primaria-participan-en-evento-xantolero\/\">Seguir leyendo <span class=\"screen-reader-text\">Ni\u00f1as y ni\u00f1os de primaria participan en evento Xantolero<\/span><\/a><\/p>\n","protected":false},"author":20,"featured_media":568878,"comment_status":"open","ping_status":"open","sticky":false,"template":"","format":"standard","meta":{"rop_custom_images_group":[],"rop_custom_messages_group":[],"rop_publish_now":"initial","rop_publish_now_accounts":{"facebook_10159540855086992_322828327761733":""},"rop_publish_now_history":[],"rop_publish_now_status":"pending","footnotes":""},"categories":[181],"tags":[121],"class_list":["post-568877","post","type-post","status-publish","format-standard","has-post-thumbnail","hentry","category-huejutla","tag-huejutla","entry"],"_links":{"self":[{"href":"https:\/\/www.zunoticia.com\/noticias-de-hidalgo\/wp-json\/wp\/v2\/posts\/568877","targetHints":{"allow":["GET"]}}],"collection":[{"href":"https:\/\/www.zunoticia.com\/noticias-de-hidalgo\/wp-json\/wp\/v2\/posts"}],"about":[{"href":"https:\/\/www.zunoticia.com\/noticias-de-hidalgo\/wp-json\/wp\/v2\/types\/post"}],"author":[{"embeddable":true,"href":"https:\/\/www.zunoticia.com\/noticias-de-hidalgo\/wp-json\/wp\/v2\/users\/20"}],"replies":[{"embeddable":true,"href":"https:\/\/www.zunoticia.com\/noticias-de-hidalgo\/wp-json\/wp\/v2\/comments?post=568877"}],"version-history":[{"count":1,"href":"https:\/\/www.zunoticia.com\/noticias-de-hidalgo\/wp-json\/wp\/v2\/posts\/568877\/revisions"}],"predecessor-version":[{"id":568881,"href":"https:\/\/www.zunoticia.com\/noticias-de-hidalgo\/wp-json\/wp\/v2\/posts\/568877\/revisions\/568881"}],"wp:featuredmedia":[{"embeddable":true,"href":"https:\/\/www.zunoticia.com\/noticias-de-hidalgo\/wp-json\/wp\/v2\/media\/568878"}],"wp:attachment":[{"href":"https:\/\/www.zunoticia.com\/noticias-de-hidalgo\/wp-json\/wp\/v2\/media?parent=568877"}],"wp:term":[{"taxonomy":"category","embeddable":true,"href":"https:\/\/www.zunoticia.com\/noticias-de-hidalgo\/wp-json\/wp\/v2\/categories?post=568877"},{"taxonomy":"post_tag","embeddable":true,"href":"https:\/\/www.zunoticia.com\/noticias-de-hidalgo\/wp-json\/wp\/v2\/tags?post=568877"}],"curies":[{"name":"wp","href":"https:\/\/api.w.org\/{rel}","templated":true}]}}