{"id":568886,"date":"2024-10-29T17:20:13","date_gmt":"2024-10-29T23:20:13","guid":{"rendered":"https:\/\/www.zunoticia.com\/noticias-de-hidalgo\/?p=568886"},"modified":"2024-10-29T17:20:15","modified_gmt":"2024-10-29T23:20:15","slug":"dif-municipal-participa-en-capacitacion-del-programa-atencion-a-poblacion-en-condiciones-de-emergencia","status":"publish","type":"post","link":"https:\/\/www.zunoticia.com\/noticias-de-hidalgo\/2024\/10\/29\/dif-municipal-participa-en-capacitacion-del-programa-atencion-a-poblacion-en-condiciones-de-emergencia\/","title":{"rendered":"DIF municipal participa en capacitaci\u00f3n del programa &#8220;Atenci\u00f3n a Poblaci\u00f3n en Condiciones de Emergencia&#8221;"},"content":{"rendered":"<aside class=\"mashsb-container mashsb-main mashsb-stretched\"><div class=\"mashsb-box\"><div class=\"mashsb-count mash-large\" style=\"float:left\"><div class=\"counts mashsbcount\">0<\/div><span class=\"mashsb-sharetext\">SHARES<\/span><\/div><div class=\"mashsb-buttons\"><a class=\"mashicon-facebook mash-large mash-center mashsb-noshadow\" href=\"https:\/\/www.facebook.com\/sharer.php?u=https%3A%2F%2Fwww.zunoticia.com%2Fnoticias-de-hidalgo%2F2024%2F10%2F29%2Fdif-municipal-participa-en-capacitacion-del-programa-atencion-a-poblacion-en-condiciones-de-emergencia%2F\" target=\"_top\" rel=\"nofollow\"><span class=\"icon\"><\/span><span class=\"text\">Share<\/span><\/a><a class=\"mashicon-twitter mash-large mash-center mashsb-noshadow\" href=\"https:\/\/twitter.com\/intent\/tweet?text=&amp;url=https:\/\/www.zunoticia.com\/noticias-de-hidalgo\/2024\/10\/29\/dif-municipal-participa-en-capacitacion-del-programa-atencion-a-poblacion-en-condiciones-de-emergencia\/\" target=\"_top\" rel=\"nofollow\"><span class=\"icon\"><\/span><span class=\"text\">Tweet<\/span><\/a><div class=\"onoffswitch2 mash-large mashsb-noshadow\" style=\"display:none\"><\/div><\/div>\n            <\/div>\n                <div style=\"clear:both\"><\/div><div class=\"mashsb-toggle-container\"><\/div><\/aside>\n            <!-- Share buttons by mashshare.net - Version: 4.0.47-->\n<p><em>Por Gabriela Hern\u00e1ndez\/Zunoticia<\/em><\/p>\n\n\n\n<p><strong>Jaltoc\u00e1n, Hgo<\/strong>.- Personal del \u00e1rea del Sistema Municipal DIF que preside la C.P. Bertha Leticia Lugo S\u00e1nchez, asisti\u00f3 a la capacitaci\u00f3n del programa &#8220;Atenci\u00f3n a Poblaci\u00f3n en Condiciones de Emergencia&#8221;, (A.P.C.E.), el cual, busca brindar atenci\u00f3n a la poblaci\u00f3n vulnerable, damnificada por desastres o situaciones de emergencia.<\/p>\n\n\n\n<p>Este programa se encuentra a cargo del M.P. Guillermo Rodr\u00edguez en el municipio de Jaltoc\u00e1n, la capacitaci\u00f3n se llev\u00f3 a cabo en la ciudad de Pachuca, este lunes 28 de octubre.<\/p>\n\n\n\n<p>El principal objetivo de la (A.P.C.E), es fortalecer las acciones de prevenci\u00f3n en materia de atenci\u00f3n a la poblaci\u00f3n vulnerable, damnificada por una situaci\u00f3n de emergencia o desastre, para brindar una atenci\u00f3n eficaz, adem\u00e1s, de promover el desarrollo de la capacidad de respuesta en los diferentes \u00e1mbitos de gesti\u00f3n.<\/p>\n","protected":false},"excerpt":{"rendered":"<p>Por Gabriela Hern\u00e1ndez\/Zunoticia Jaltoc\u00e1n, Hgo.- Personal del \u00e1rea del Sistema Municipal DIF que preside la C.P. Bertha Leticia Lugo S\u00e1nchez, asisti\u00f3 a la capacitaci\u00f3n del programa &#8220;Atenci\u00f3n a Poblaci\u00f3n en Condiciones de Emergencia&#8221;, (A.P.C.E.), el cual, busca brindar atenci\u00f3n a la poblaci\u00f3n vulnerable, damnificada por desastres o situaciones de emergencia. Este programa se encuentra a&hellip; <a class=\"more-link\" href=\"https:\/\/www.zunoticia.com\/noticias-de-hidalgo\/2024\/10\/29\/dif-municipal-participa-en-capacitacion-del-programa-atencion-a-poblacion-en-condiciones-de-emergencia\/\">Seguir leyendo <span class=\"screen-reader-text\">DIF municipal participa en capacitaci\u00f3n del programa &#8220;Atenci\u00f3n a Poblaci\u00f3n en Condiciones de Emergencia&#8221;<\/span><\/a><\/p>\n","protected":false},"author":20,"featured_media":568887,"comment_status":"open","ping_status":"open","sticky":false,"template":"","format":"standard","meta":{"rop_custom_images_group":[],"rop_custom_messages_group":[],"rop_publish_now":"initial","rop_publish_now_accounts":{"facebook_10159540855086992_322828327761733":""},"rop_publish_now_history":[],"rop_publish_now_status":"pending","footnotes":""},"categories":[179,200],"tags":[229,131],"class_list":["post-568886","post","type-post","status-publish","format-standard","has-post-thumbnail","hentry","category-huasteca","category-jaltocan","tag-huasteca","tag-jaltocan","entry"],"_links":{"self":[{"href":"https:\/\/www.zunoticia.com\/noticias-de-hidalgo\/wp-json\/wp\/v2\/posts\/568886","targetHints":{"allow":["GET"]}}],"collection":[{"href":"https:\/\/www.zunoticia.com\/noticias-de-hidalgo\/wp-json\/wp\/v2\/posts"}],"about":[{"href":"https:\/\/www.zunoticia.com\/noticias-de-hidalgo\/wp-json\/wp\/v2\/types\/post"}],"author":[{"embeddable":true,"href":"https:\/\/www.zunoticia.com\/noticias-de-hidalgo\/wp-json\/wp\/v2\/users\/20"}],"replies":[{"embeddable":true,"href":"https:\/\/www.zunoticia.com\/noticias-de-hidalgo\/wp-json\/wp\/v2\/comments?post=568886"}],"version-history":[{"count":1,"href":"https:\/\/www.zunoticia.com\/noticias-de-hidalgo\/wp-json\/wp\/v2\/posts\/568886\/revisions"}],"predecessor-version":[{"id":568888,"href":"https:\/\/www.zunoticia.com\/noticias-de-hidalgo\/wp-json\/wp\/v2\/posts\/568886\/revisions\/568888"}],"wp:featuredmedia":[{"embeddable":true,"href":"https:\/\/www.zunoticia.com\/noticias-de-hidalgo\/wp-json\/wp\/v2\/media\/568887"}],"wp:attachment":[{"href":"https:\/\/www.zunoticia.com\/noticias-de-hidalgo\/wp-json\/wp\/v2\/media?parent=568886"}],"wp:term":[{"taxonomy":"category","embeddable":true,"href":"https:\/\/www.zunoticia.com\/noticias-de-hidalgo\/wp-json\/wp\/v2\/categories?post=568886"},{"taxonomy":"post_tag","embeddable":true,"href":"https:\/\/www.zunoticia.com\/noticias-de-hidalgo\/wp-json\/wp\/v2\/tags?post=568886"}],"curies":[{"name":"wp","href":"https:\/\/api.w.org\/{rel}","templated":true}]}}