{"id":568889,"date":"2024-10-29T17:28:05","date_gmt":"2024-10-29T23:28:05","guid":{"rendered":"https:\/\/www.zunoticia.com\/noticias-de-hidalgo\/?p=568889"},"modified":"2024-10-29T17:28:06","modified_gmt":"2024-10-29T23:28:06","slug":"llevan-platica-de-concientizacion-sobre-la-prevencion-del-dengue-con-delegados-de-barrios-y-localidades","status":"publish","type":"post","link":"https:\/\/www.zunoticia.com\/noticias-de-hidalgo\/2024\/10\/29\/llevan-platica-de-concientizacion-sobre-la-prevencion-del-dengue-con-delegados-de-barrios-y-localidades\/","title":{"rendered":"Llevan pl\u00e1tica de concientizaci\u00f3n sobre la prevenci\u00f3n del dengue con delegados de barrios y localidades"},"content":{"rendered":"<aside class=\"mashsb-container mashsb-main mashsb-stretched\"><div class=\"mashsb-box\"><div class=\"mashsb-count mash-large\" style=\"float:left\"><div class=\"counts mashsbcount\">0<\/div><span class=\"mashsb-sharetext\">SHARES<\/span><\/div><div class=\"mashsb-buttons\"><a class=\"mashicon-facebook mash-large mash-center mashsb-noshadow\" href=\"https:\/\/www.facebook.com\/sharer.php?u=https%3A%2F%2Fwww.zunoticia.com%2Fnoticias-de-hidalgo%2F2024%2F10%2F29%2Fllevan-platica-de-concientizacion-sobre-la-prevencion-del-dengue-con-delegados-de-barrios-y-localidades%2F\" target=\"_top\" rel=\"nofollow\"><span class=\"icon\"><\/span><span class=\"text\">Share<\/span><\/a><a class=\"mashicon-twitter mash-large mash-center mashsb-noshadow\" href=\"https:\/\/twitter.com\/intent\/tweet?text=&amp;url=https:\/\/www.zunoticia.com\/noticias-de-hidalgo\/2024\/10\/29\/llevan-platica-de-concientizacion-sobre-la-prevencion-del-dengue-con-delegados-de-barrios-y-localidades\/\" target=\"_top\" rel=\"nofollow\"><span class=\"icon\"><\/span><span class=\"text\">Tweet<\/span><\/a><div class=\"onoffswitch2 mash-large mashsb-noshadow\" style=\"display:none\"><\/div><\/div>\n            <\/div>\n                <div style=\"clear:both\"><\/div><div class=\"mashsb-toggle-container\"><\/div><\/aside>\n            <!-- Share buttons by mashshare.net - Version: 4.0.47-->\n<p><em>Por Gabriela Hern\u00e1ndez\/Zunoticia<\/em><\/p>\n\n\n\n<p><strong>Jaltoc\u00e1n, Hgo<\/strong>.- El presidente municipal Guillermo Amador Lara, junto con su esposa la C.P. Bertha Leticia Lugo S\u00e1nchez, presidenta del Sistema Municipal DIF; en coordinaci\u00f3n con el Dr. Cristian Garc\u00eda, director del Centro de Salud, el secretario general municipal Mtro, Daniel Amador Hern\u00e1ndez e integrantes de la asamblea municipal, sostuvo una reuni\u00f3n con los delegados de los diferentes barrios y localidades de Jaltoc\u00e1n para concientizar sobre la prevenci\u00f3n del Dengue.<\/p>\n\n\n\n<p>En su mensaje, el Dr. Cristian Garc\u00eda exhort\u00f3 a los pobladores a continuar con la estrategia &#8220;Lava, tapa, voltea y elimina&#8221;, as\u00ed como tambi\u00e9n a mantener los espacios limpios.<\/p>\n\n\n\n<p>&#8220;Es indispensable y fundamental la participaci\u00f3n de la poblaci\u00f3n con acciones para eliminar los potenciales criaderos de moscos al interior de las viviendas, escuelas, centros de trabajo, espacios p\u00fablicos y privados, a la vez que d\u00e9 acceso al personal brigadista cuando acudan a intervenir sus comunidades\u201d precis\u00f3 el m\u00e9dico.<\/p>\n\n\n\n<p>Finalmente, llam\u00f3 a la poblaci\u00f3n a participar activamente y generar h\u00e1bitos preventivos para protegerse, de igual forma agradeci\u00f3 al alcalde el apoyo por el combustible otorgado de manera gratuita para las fumigaciones en el municipio.<\/p>\n\n\n\n<figure class=\"wp-block-image size-full\"><img fetchpriority=\"high\" decoding=\"async\" width=\"933\" height=\"524\" src=\"https:\/\/www.zunoticia.com\/noticias-de-hidalgo\/wp-content\/uploads\/2024\/10\/Zunoticia-Huejutla-1-322.png\" alt=\"\" class=\"wp-image-568891\"\/><\/figure>\n","protected":false},"excerpt":{"rendered":"<p>Por Gabriela Hern\u00e1ndez\/Zunoticia Jaltoc\u00e1n, Hgo.- El presidente municipal Guillermo Amador Lara, junto con su esposa la C.P. Bertha Leticia Lugo S\u00e1nchez, presidenta del Sistema Municipal DIF; en coordinaci\u00f3n con el Dr. Cristian Garc\u00eda, director del Centro de Salud, el secretario general municipal Mtro, Daniel Amador Hern\u00e1ndez e integrantes de la asamblea municipal, sostuvo una reuni\u00f3n&hellip; <a class=\"more-link\" href=\"https:\/\/www.zunoticia.com\/noticias-de-hidalgo\/2024\/10\/29\/llevan-platica-de-concientizacion-sobre-la-prevencion-del-dengue-con-delegados-de-barrios-y-localidades\/\">Seguir leyendo <span class=\"screen-reader-text\">Llevan pl\u00e1tica de concientizaci\u00f3n sobre la prevenci\u00f3n del dengue con delegados de barrios y localidades<\/span><\/a><\/p>\n","protected":false},"author":20,"featured_media":568890,"comment_status":"open","ping_status":"open","sticky":false,"template":"","format":"standard","meta":{"rop_custom_images_group":[],"rop_custom_messages_group":[],"rop_publish_now":"initial","rop_publish_now_accounts":{"facebook_10159540855086992_322828327761733":""},"rop_publish_now_history":[],"rop_publish_now_status":"pending","footnotes":""},"categories":[179,200],"tags":[229,131],"class_list":["post-568889","post","type-post","status-publish","format-standard","has-post-thumbnail","hentry","category-huasteca","category-jaltocan","tag-huasteca","tag-jaltocan","entry"],"_links":{"self":[{"href":"https:\/\/www.zunoticia.com\/noticias-de-hidalgo\/wp-json\/wp\/v2\/posts\/568889","targetHints":{"allow":["GET"]}}],"collection":[{"href":"https:\/\/www.zunoticia.com\/noticias-de-hidalgo\/wp-json\/wp\/v2\/posts"}],"about":[{"href":"https:\/\/www.zunoticia.com\/noticias-de-hidalgo\/wp-json\/wp\/v2\/types\/post"}],"author":[{"embeddable":true,"href":"https:\/\/www.zunoticia.com\/noticias-de-hidalgo\/wp-json\/wp\/v2\/users\/20"}],"replies":[{"embeddable":true,"href":"https:\/\/www.zunoticia.com\/noticias-de-hidalgo\/wp-json\/wp\/v2\/comments?post=568889"}],"version-history":[{"count":1,"href":"https:\/\/www.zunoticia.com\/noticias-de-hidalgo\/wp-json\/wp\/v2\/posts\/568889\/revisions"}],"predecessor-version":[{"id":568892,"href":"https:\/\/www.zunoticia.com\/noticias-de-hidalgo\/wp-json\/wp\/v2\/posts\/568889\/revisions\/568892"}],"wp:featuredmedia":[{"embeddable":true,"href":"https:\/\/www.zunoticia.com\/noticias-de-hidalgo\/wp-json\/wp\/v2\/media\/568890"}],"wp:attachment":[{"href":"https:\/\/www.zunoticia.com\/noticias-de-hidalgo\/wp-json\/wp\/v2\/media?parent=568889"}],"wp:term":[{"taxonomy":"category","embeddable":true,"href":"https:\/\/www.zunoticia.com\/noticias-de-hidalgo\/wp-json\/wp\/v2\/categories?post=568889"},{"taxonomy":"post_tag","embeddable":true,"href":"https:\/\/www.zunoticia.com\/noticias-de-hidalgo\/wp-json\/wp\/v2\/tags?post=568889"}],"curies":[{"name":"wp","href":"https:\/\/api.w.org\/{rel}","templated":true}]}}