{"id":568903,"date":"2024-10-29T18:11:11","date_gmt":"2024-10-30T00:11:11","guid":{"rendered":"https:\/\/www.zunoticia.com\/noticias-de-hidalgo\/?p=568903"},"modified":"2024-10-29T18:11:12","modified_gmt":"2024-10-30T00:11:12","slug":"realizan-feria-integral-de-prevencion-y-de-seguridad-en-el-cbta-5","status":"publish","type":"post","link":"https:\/\/www.zunoticia.com\/noticias-de-hidalgo\/2024\/10\/29\/realizan-feria-integral-de-prevencion-y-de-seguridad-en-el-cbta-5\/","title":{"rendered":"Realizan Feria Integral de Prevenci\u00f3n y de Seguridad en el CBTa 5"},"content":{"rendered":"<aside class=\"mashsb-container mashsb-main mashsb-stretched\"><div class=\"mashsb-box\"><div class=\"mashsb-count mash-large\" style=\"float:left\"><div class=\"counts mashsbcount\">0<\/div><span class=\"mashsb-sharetext\">SHARES<\/span><\/div><div class=\"mashsb-buttons\"><a class=\"mashicon-facebook mash-large mash-center mashsb-noshadow\" href=\"https:\/\/www.facebook.com\/sharer.php?u=https%3A%2F%2Fwww.zunoticia.com%2Fnoticias-de-hidalgo%2F2024%2F10%2F29%2Frealizan-feria-integral-de-prevencion-y-de-seguridad-en-el-cbta-5%2F\" target=\"_top\" rel=\"nofollow\"><span class=\"icon\"><\/span><span class=\"text\">Share<\/span><\/a><a class=\"mashicon-twitter mash-large mash-center mashsb-noshadow\" href=\"https:\/\/twitter.com\/intent\/tweet?text=&amp;url=https:\/\/www.zunoticia.com\/noticias-de-hidalgo\/2024\/10\/29\/realizan-feria-integral-de-prevencion-y-de-seguridad-en-el-cbta-5\/\" target=\"_top\" rel=\"nofollow\"><span class=\"icon\"><\/span><span class=\"text\">Tweet<\/span><\/a><div class=\"onoffswitch2 mash-large mashsb-noshadow\" style=\"display:none\"><\/div><\/div>\n            <\/div>\n                <div style=\"clear:both\"><\/div><div class=\"mashsb-toggle-container\"><\/div><\/aside>\n            <!-- Share buttons by mashshare.net - Version: 4.0.47-->\n<p>Por Enedino Hern\u00e1ndez, Zunoticia<\/p>\n\n\n\n<p><strong>Huejutla, Hgo.-<\/strong> La ma\u00f1ana de este martes 29 de octubre, en el Centro de Bachillerato Tecnol\u00f3gico Agropecuario n\u00famero 5, CBTa 5, de esta ciudad de Huejutla, se llev\u00f3 a cabo la Feria Integral de Prevenci\u00f3n y de Seguridad con la participaci\u00f3n de diversas dependencias e instituciones de servicio.<\/p>\n\n\n\n<p>La actividad fue coordinada por la Secretar\u00eda de la Defensa Nacional, SEDENA, la Secretar\u00eda de Seguridad y Participaci\u00f3n Ciudadana, Presidencia Municipal de Huejutla, las diversas instituciones, dependencias federales, estatales y municipales.<\/p>\n\n\n\n<p>El inicio de la Feria Integral y Prevenci\u00f3n Ciudadana se llev\u00f3 a cabo con los honores a la bandera en el auditorio del plantel, en donde el alcalde de Huejutla, Alfredo San Rom\u00e1n, emiti\u00f3 las palabras de bienvenida y reconoci\u00f3 la importancia de mantenerse junto con las instituciones y dependencias en la coordinaci\u00f3n de trabajo necesarios para fortalecer la prevenci\u00f3n y la seguridad en la poblaci\u00f3n.<\/p>\n\n\n\n<p>Posteriormente, los representantes de las diversas dependencias federales, estatales y municipales recorrieron cada uno de los m\u00f3dulos o stands previamente instalados en la cancha de f\u00fatbol del CBTa 5, en donde tuvieron la oportunidad de conocer los principales servicios que en ellas se brindan u ofrecen.<\/p>\n\n\n\n<p>En la Feria Integral de Prevenci\u00f3n y de Seguridad, se pudo apreciar la presencia del General de Brigada Alfredo Salgado Vargas, Comandante de la 18\u00b0 Zona Militar; el Comisario Jos\u00e9 Efra\u00edn Amancio Gonz\u00e1lez coordinador estatal de la Guardia Nacional; Alfredo San Rom\u00e1n Duval presidente municipal de Huejutla; Ignacio Hern\u00e1ndez Garc\u00eda director del CBTa 5; Abraham Mendoza Zenteno, delegado federal de Programas Sociales en Hidalgo; Fortunato Rivera Castillo subgerente de LICONSA en Hidalgo, Doctor Ignacio Badillo Soto jefe de Departamento de Acci\u00f3n IMSS-BIENESTAR, Yolitce Mendoza representante de CONAFOR, entre otras personalidades.<\/p>\n\n\n\n<p>Los alumnos del CBTa 5 recorrieron cada uno de los stands en donde conocieron los principales servicios que se brindan por partes de las diversas dependencias e instituciones, en esta Feria Integral de Prevenci\u00f3n y de Seguridad.<\/p>\n\n\n\n<p>Finalmente se destaca que, en el campo de f\u00fatbol del CBTa 5 se instalaron los M\u00f3dulos de la SEDENA, Guardia Nacional, Bomberos, INSUS Instituto Nacional del Suelo Sustentable, Bienestar, INM Instituto Nacional de migraci\u00f3n, HEROES paisanos, SEGALMEX seguridad alimentaria mexicana, IMSS-BIENESTAR, entre otros.<\/p>\n\n\n\n<figure class=\"wp-block-gallery has-nested-images columns-default is-cropped wp-block-gallery-1 is-layout-flex wp-block-gallery-is-layout-flex\">\n<figure class=\"wp-block-image size-large\"><img fetchpriority=\"high\" decoding=\"async\" width=\"933\" height=\"524\" data-id=\"568906\" src=\"https:\/\/www.zunoticia.com\/noticias-de-hidalgo\/wp-content\/uploads\/2024\/10\/Zunoticia-Huejutla-2-134.png\" alt=\"\" class=\"wp-image-568906\"\/><\/figure>\n\n\n\n<figure class=\"wp-block-image size-large\"><img decoding=\"async\" width=\"933\" height=\"524\" data-id=\"568905\" src=\"https:\/\/www.zunoticia.com\/noticias-de-hidalgo\/wp-content\/uploads\/2024\/10\/Zunoticia-Huejutla-1-324.png\" alt=\"\" class=\"wp-image-568905\"\/><\/figure>\n<\/figure>\n","protected":false},"excerpt":{"rendered":"<p>Por Enedino Hern\u00e1ndez, Zunoticia Huejutla, Hgo.- La ma\u00f1ana de este martes 29 de octubre, en el Centro de Bachillerato Tecnol\u00f3gico Agropecuario n\u00famero 5, CBTa 5, de esta ciudad de Huejutla, se llev\u00f3 a cabo la Feria Integral de Prevenci\u00f3n y de Seguridad con la participaci\u00f3n de diversas dependencias e instituciones de servicio. La actividad fue&hellip; <a class=\"more-link\" href=\"https:\/\/www.zunoticia.com\/noticias-de-hidalgo\/2024\/10\/29\/realizan-feria-integral-de-prevencion-y-de-seguridad-en-el-cbta-5\/\">Seguir leyendo <span class=\"screen-reader-text\">Realizan Feria Integral de Prevenci\u00f3n y de Seguridad en el CBTa 5<\/span><\/a><\/p>\n","protected":false},"author":20,"featured_media":568904,"comment_status":"open","ping_status":"open","sticky":false,"template":"","format":"standard","meta":{"rop_custom_images_group":[],"rop_custom_messages_group":[],"rop_publish_now":"initial","rop_publish_now_accounts":{"facebook_10159540855086992_322828327761733":""},"rop_publish_now_history":[],"rop_publish_now_status":"pending","footnotes":""},"categories":[181],"tags":[121],"class_list":["post-568903","post","type-post","status-publish","format-standard","has-post-thumbnail","hentry","category-huejutla","tag-huejutla","entry"],"_links":{"self":[{"href":"https:\/\/www.zunoticia.com\/noticias-de-hidalgo\/wp-json\/wp\/v2\/posts\/568903","targetHints":{"allow":["GET"]}}],"collection":[{"href":"https:\/\/www.zunoticia.com\/noticias-de-hidalgo\/wp-json\/wp\/v2\/posts"}],"about":[{"href":"https:\/\/www.zunoticia.com\/noticias-de-hidalgo\/wp-json\/wp\/v2\/types\/post"}],"author":[{"embeddable":true,"href":"https:\/\/www.zunoticia.com\/noticias-de-hidalgo\/wp-json\/wp\/v2\/users\/20"}],"replies":[{"embeddable":true,"href":"https:\/\/www.zunoticia.com\/noticias-de-hidalgo\/wp-json\/wp\/v2\/comments?post=568903"}],"version-history":[{"count":1,"href":"https:\/\/www.zunoticia.com\/noticias-de-hidalgo\/wp-json\/wp\/v2\/posts\/568903\/revisions"}],"predecessor-version":[{"id":568907,"href":"https:\/\/www.zunoticia.com\/noticias-de-hidalgo\/wp-json\/wp\/v2\/posts\/568903\/revisions\/568907"}],"wp:featuredmedia":[{"embeddable":true,"href":"https:\/\/www.zunoticia.com\/noticias-de-hidalgo\/wp-json\/wp\/v2\/media\/568904"}],"wp:attachment":[{"href":"https:\/\/www.zunoticia.com\/noticias-de-hidalgo\/wp-json\/wp\/v2\/media?parent=568903"}],"wp:term":[{"taxonomy":"category","embeddable":true,"href":"https:\/\/www.zunoticia.com\/noticias-de-hidalgo\/wp-json\/wp\/v2\/categories?post=568903"},{"taxonomy":"post_tag","embeddable":true,"href":"https:\/\/www.zunoticia.com\/noticias-de-hidalgo\/wp-json\/wp\/v2\/tags?post=568903"}],"curies":[{"name":"wp","href":"https:\/\/api.w.org\/{rel}","templated":true}]}}