{"id":568922,"date":"2024-10-29T18:52:13","date_gmt":"2024-10-30T00:52:13","guid":{"rendered":"https:\/\/www.zunoticia.com\/noticias-de-hidalgo\/?p=568922"},"modified":"2024-10-29T18:52:15","modified_gmt":"2024-10-30T00:52:15","slug":"lesionados-en-choque-de-dos-camionetas","status":"publish","type":"post","link":"https:\/\/www.zunoticia.com\/noticias-de-hidalgo\/2024\/10\/29\/lesionados-en-choque-de-dos-camionetas\/","title":{"rendered":"Lesionados en choque de dos camionetas"},"content":{"rendered":"<aside class=\"mashsb-container mashsb-main mashsb-stretched\"><div class=\"mashsb-box\"><div class=\"mashsb-count mash-large\" style=\"float:left\"><div class=\"counts mashsbcount\">0<\/div><span class=\"mashsb-sharetext\">SHARES<\/span><\/div><div class=\"mashsb-buttons\"><a class=\"mashicon-facebook mash-large mash-center mashsb-noshadow\" href=\"https:\/\/www.facebook.com\/sharer.php?u=https%3A%2F%2Fwww.zunoticia.com%2Fnoticias-de-hidalgo%2F2024%2F10%2F29%2Flesionados-en-choque-de-dos-camionetas%2F\" target=\"_top\" rel=\"nofollow\"><span class=\"icon\"><\/span><span class=\"text\">Share<\/span><\/a><a class=\"mashicon-twitter mash-large mash-center mashsb-noshadow\" href=\"https:\/\/twitter.com\/intent\/tweet?text=&amp;url=https:\/\/www.zunoticia.com\/noticias-de-hidalgo\/2024\/10\/29\/lesionados-en-choque-de-dos-camionetas\/\" target=\"_top\" rel=\"nofollow\"><span class=\"icon\"><\/span><span class=\"text\">Tweet<\/span><\/a><div class=\"onoffswitch2 mash-large mashsb-noshadow\" style=\"display:none\"><\/div><\/div>\n            <\/div>\n                <div style=\"clear:both\"><\/div><div class=\"mashsb-toggle-container\"><\/div><\/aside>\n            <!-- Share buttons by mashshare.net - Version: 4.0.47-->\n<p><em>Por Roberto Meza \/Zunoticia<\/em><\/p>\n\n\n\n<p><strong>Huejutla, Hgo<\/strong>.- La tarde de este martes, se registr\u00f3 un choque entre dos camionetas, sobre la v\u00eda estatal Huejutla-Chalahuiyapa en las inmediaciones del Tecnol\u00f3gico de Huejutla,&nbsp; dejando como saldo 4 personas heridas y miles de pesos en da\u00f1os materiales.<\/p>\n\n\n\n<p>El accidente lo protagonizaron dos unidades motoras, una camioneta Ford Ranger, color verde y una Dodge Dakota color negro, en donde presuntamente uno de los conductores invadi\u00f3 carril contrario y sobrevino el percance.<\/p>\n\n\n\n<figure class=\"wp-block-image size-full\"><img fetchpriority=\"high\" decoding=\"async\" width=\"1280\" height=\"548\" src=\"https:\/\/www.zunoticia.com\/noticias-de-hidalgo\/wp-content\/uploads\/2024\/10\/WhatsApp-Image-2024-10-29-at-18.02.06-2.jpeg\" alt=\"\" class=\"wp-image-568925\"\/><\/figure>\n\n\n\n<p>Ante este fuerte choque, dos adultos y dos menores de edad resultaron heridos, por lo que de inmediato se movilizaron elementos del Cuerpo de Bomberos y param\u00e9dicos de la Cruz Roja para auxiliar a los lesionados que se encontraba entre los fierros retorcidos y trasladarlos a un hospital para su atenci\u00f3n m\u00e9dica.<\/p>\n\n\n\n<p>Al lugar llegaron tambi\u00e9n polic\u00edas estatales para intervenir en este accidente y ordenar el remolque de las camionetas al corral\u00f3n.<\/p>\n\n\n\n<figure class=\"wp-block-image size-full\"><img decoding=\"async\" width=\"1280\" height=\"548\" src=\"https:\/\/www.zunoticia.com\/noticias-de-hidalgo\/wp-content\/uploads\/2024\/10\/WhatsApp-Image-2024-10-29-at-18.02.06-1.jpeg\" alt=\"\" class=\"wp-image-568924\"\/><\/figure>\n","protected":false},"excerpt":{"rendered":"<p>Por Roberto Meza \/Zunoticia Huejutla, Hgo.- La tarde de este martes, se registr\u00f3 un choque entre dos camionetas, sobre la v\u00eda estatal Huejutla-Chalahuiyapa en las inmediaciones del Tecnol\u00f3gico de Huejutla,&nbsp; dejando como saldo 4 personas heridas y miles de pesos en da\u00f1os materiales. El accidente lo protagonizaron dos unidades motoras, una camioneta Ford Ranger, color&hellip; <a class=\"more-link\" href=\"https:\/\/www.zunoticia.com\/noticias-de-hidalgo\/2024\/10\/29\/lesionados-en-choque-de-dos-camionetas\/\">Seguir leyendo <span class=\"screen-reader-text\">Lesionados en choque de dos camionetas<\/span><\/a><\/p>\n","protected":false},"author":20,"featured_media":568923,"comment_status":"open","ping_status":"open","sticky":false,"template":"","format":"standard","meta":{"rop_custom_images_group":[],"rop_custom_messages_group":[],"rop_publish_now":"initial","rop_publish_now_accounts":{"facebook_10159540855086992_322828327761733":""},"rop_publish_now_history":[],"rop_publish_now_status":"pending","footnotes":""},"categories":[178],"tags":[259],"class_list":["post-568922","post","type-post","status-publish","format-standard","has-post-thumbnail","hentry","category-policiaca","tag-policiaca","entry"],"_links":{"self":[{"href":"https:\/\/www.zunoticia.com\/noticias-de-hidalgo\/wp-json\/wp\/v2\/posts\/568922","targetHints":{"allow":["GET"]}}],"collection":[{"href":"https:\/\/www.zunoticia.com\/noticias-de-hidalgo\/wp-json\/wp\/v2\/posts"}],"about":[{"href":"https:\/\/www.zunoticia.com\/noticias-de-hidalgo\/wp-json\/wp\/v2\/types\/post"}],"author":[{"embeddable":true,"href":"https:\/\/www.zunoticia.com\/noticias-de-hidalgo\/wp-json\/wp\/v2\/users\/20"}],"replies":[{"embeddable":true,"href":"https:\/\/www.zunoticia.com\/noticias-de-hidalgo\/wp-json\/wp\/v2\/comments?post=568922"}],"version-history":[{"count":1,"href":"https:\/\/www.zunoticia.com\/noticias-de-hidalgo\/wp-json\/wp\/v2\/posts\/568922\/revisions"}],"predecessor-version":[{"id":568926,"href":"https:\/\/www.zunoticia.com\/noticias-de-hidalgo\/wp-json\/wp\/v2\/posts\/568922\/revisions\/568926"}],"wp:featuredmedia":[{"embeddable":true,"href":"https:\/\/www.zunoticia.com\/noticias-de-hidalgo\/wp-json\/wp\/v2\/media\/568923"}],"wp:attachment":[{"href":"https:\/\/www.zunoticia.com\/noticias-de-hidalgo\/wp-json\/wp\/v2\/media?parent=568922"}],"wp:term":[{"taxonomy":"category","embeddable":true,"href":"https:\/\/www.zunoticia.com\/noticias-de-hidalgo\/wp-json\/wp\/v2\/categories?post=568922"},{"taxonomy":"post_tag","embeddable":true,"href":"https:\/\/www.zunoticia.com\/noticias-de-hidalgo\/wp-json\/wp\/v2\/tags?post=568922"}],"curies":[{"name":"wp","href":"https:\/\/api.w.org\/{rel}","templated":true}]}}