{"id":568935,"date":"2024-10-29T19:12:13","date_gmt":"2024-10-30T01:12:13","guid":{"rendered":"https:\/\/www.zunoticia.com\/noticias-de-hidalgo\/?p=568935"},"modified":"2024-10-29T19:12:14","modified_gmt":"2024-10-30T01:12:14","slug":"docente-de-la-tecnologica-del-valle-del-mezquital-realizara-estancia-en-peru","status":"publish","type":"post","link":"https:\/\/www.zunoticia.com\/noticias-de-hidalgo\/2024\/10\/29\/docente-de-la-tecnologica-del-valle-del-mezquital-realizara-estancia-en-peru\/","title":{"rendered":"Docente de la Tecnol\u00f3gica del Valle del Mezquital realizar\u00e1 estancia en Per\u00fa"},"content":{"rendered":"<aside class=\"mashsb-container mashsb-main mashsb-stretched\"><div class=\"mashsb-box\"><div class=\"mashsb-count mash-large\" style=\"float:left\"><div class=\"counts mashsbcount\">0<\/div><span class=\"mashsb-sharetext\">SHARES<\/span><\/div><div class=\"mashsb-buttons\"><a class=\"mashicon-facebook mash-large mash-center mashsb-noshadow\" href=\"https:\/\/www.facebook.com\/sharer.php?u=https%3A%2F%2Fwww.zunoticia.com%2Fnoticias-de-hidalgo%2F2024%2F10%2F29%2Fdocente-de-la-tecnologica-del-valle-del-mezquital-realizara-estancia-en-peru%2F\" target=\"_top\" rel=\"nofollow\"><span class=\"icon\"><\/span><span class=\"text\">Share<\/span><\/a><a class=\"mashicon-twitter mash-large mash-center mashsb-noshadow\" href=\"https:\/\/twitter.com\/intent\/tweet?text=&amp;url=https:\/\/www.zunoticia.com\/noticias-de-hidalgo\/2024\/10\/29\/docente-de-la-tecnologica-del-valle-del-mezquital-realizara-estancia-en-peru\/\" target=\"_top\" rel=\"nofollow\"><span class=\"icon\"><\/span><span class=\"text\">Tweet<\/span><\/a><div class=\"onoffswitch2 mash-large mashsb-noshadow\" style=\"display:none\"><\/div><\/div>\n            <\/div>\n                <div style=\"clear:both\"><\/div><div class=\"mashsb-toggle-container\"><\/div><\/aside>\n            <!-- Share buttons by mashshare.net - Version: 4.0.47-->\n<p><em>Por Redacci\u00f3n\/Zunoticia<\/em><\/p>\n\n\n\n<p><strong>Pachuca de Soto, Hgo<\/strong>.- Edith Carmina S\u00e1nchez Trejo, docente del programa educativo de Turismo de la Universidad Tecnol\u00f3gica del Valle del Mezquital (UTVM), llevar\u00e1 a cabo una estancia corta en Per\u00fa como parte de una alianza estrat\u00e9gica con la Red Iberoamericana de Ciencia, Naturaleza y Turismo (RECINATUR).&nbsp;<\/p>\n\n\n\n<p>De esa manera, S\u00e1nchez Trejo participar\u00e1 en una serie de capacitaciones y talleres especializados, dise\u00f1ados para potenciar sus habilidades de innovaci\u00f3n en el \u00e1mbito tur\u00edstico y promover el intercambio de conocimientos a trav\u00e9s de experiencias interinstitucionales e interculturales.<\/p>\n\n\n\n<p>En su oportunidad, la docente de la UTVM se\u00f1al\u00f3 que esta colaboraci\u00f3n representa una excelente oportunidad para enriquecer el desarrollo profesional y acad\u00e9mico, al tiempo que fortalece los lazos de cooperaci\u00f3n entre instituciones educativas de Iberoam\u00e9rica.&nbsp;<\/p>\n\n\n\n<p>\u201cParticipar en este tipo de estancias acad\u00e9micas permite la investigaci\u00f3n e innovaci\u00f3n en el sector tur\u00edstico, as\u00ed como la identificaci\u00f3n de elementos clave para impulsar un desarrollo sostenible y competitivo en la regi\u00f3n\u201d, destac\u00f3.<\/p>\n\n\n\n<p>En este respecto, el rector la UTVM, Leoncio Mara\u00f1\u00f3n Priego, apunt\u00f3 que este tipo de iniciativas no s\u00f3lo favorecen la formaci\u00f3n continua de los docentes, sino que tambi\u00e9n benefician a las comunidades acad\u00e9micas y profesionales, consolidando redes internacionales de colaboraci\u00f3n que promueven el crecimiento y la mejora del sector tur\u00edstico.<\/p>\n\n\n\n<p>De igual forma agradeci\u00f3 el apoyo que brinda el gobierno que encabeza Julio Menchaca, a trav\u00e9s de la Secretar\u00eda de Educaci\u00f3n P\u00fablica de Hidalgo (SEPH) y de la Subsecretar\u00eda de Educaci\u00f3n Media Superior y Superior por el apoyo para que el personal docente cuente con las habilidades y conocimientos para formar profesionales altamente capacitados conforme a las necesidades actuales del sector productivo y social.&nbsp;<\/p>\n","protected":false},"excerpt":{"rendered":"<p>Por Redacci\u00f3n\/Zunoticia Pachuca de Soto, Hgo.- Edith Carmina S\u00e1nchez Trejo, docente del programa educativo de Turismo de la Universidad Tecnol\u00f3gica del Valle del Mezquital (UTVM), llevar\u00e1 a cabo una estancia corta en Per\u00fa como parte de una alianza estrat\u00e9gica con la Red Iberoamericana de Ciencia, Naturaleza y Turismo (RECINATUR).&nbsp; De esa manera, S\u00e1nchez Trejo participar\u00e1&hellip; <a class=\"more-link\" href=\"https:\/\/www.zunoticia.com\/noticias-de-hidalgo\/2024\/10\/29\/docente-de-la-tecnologica-del-valle-del-mezquital-realizara-estancia-en-peru\/\">Seguir leyendo <span class=\"screen-reader-text\">Docente de la Tecnol\u00f3gica del Valle del Mezquital realizar\u00e1 estancia en Per\u00fa<\/span><\/a><\/p>\n","protected":false},"author":20,"featured_media":568936,"comment_status":"open","ping_status":"open","sticky":false,"template":"","format":"standard","meta":{"rop_custom_images_group":[],"rop_custom_messages_group":[],"rop_publish_now":"initial","rop_publish_now_accounts":{"facebook_10159540855086992_322828327761733":""},"rop_publish_now_history":[],"rop_publish_now_status":"pending","footnotes":""},"categories":[1],"tags":[214],"class_list":["post-568935","post","type-post","status-publish","format-standard","has-post-thumbnail","hentry","category-sin-categoria","tag-estado","entry"],"_links":{"self":[{"href":"https:\/\/www.zunoticia.com\/noticias-de-hidalgo\/wp-json\/wp\/v2\/posts\/568935","targetHints":{"allow":["GET"]}}],"collection":[{"href":"https:\/\/www.zunoticia.com\/noticias-de-hidalgo\/wp-json\/wp\/v2\/posts"}],"about":[{"href":"https:\/\/www.zunoticia.com\/noticias-de-hidalgo\/wp-json\/wp\/v2\/types\/post"}],"author":[{"embeddable":true,"href":"https:\/\/www.zunoticia.com\/noticias-de-hidalgo\/wp-json\/wp\/v2\/users\/20"}],"replies":[{"embeddable":true,"href":"https:\/\/www.zunoticia.com\/noticias-de-hidalgo\/wp-json\/wp\/v2\/comments?post=568935"}],"version-history":[{"count":1,"href":"https:\/\/www.zunoticia.com\/noticias-de-hidalgo\/wp-json\/wp\/v2\/posts\/568935\/revisions"}],"predecessor-version":[{"id":568937,"href":"https:\/\/www.zunoticia.com\/noticias-de-hidalgo\/wp-json\/wp\/v2\/posts\/568935\/revisions\/568937"}],"wp:featuredmedia":[{"embeddable":true,"href":"https:\/\/www.zunoticia.com\/noticias-de-hidalgo\/wp-json\/wp\/v2\/media\/568936"}],"wp:attachment":[{"href":"https:\/\/www.zunoticia.com\/noticias-de-hidalgo\/wp-json\/wp\/v2\/media?parent=568935"}],"wp:term":[{"taxonomy":"category","embeddable":true,"href":"https:\/\/www.zunoticia.com\/noticias-de-hidalgo\/wp-json\/wp\/v2\/categories?post=568935"},{"taxonomy":"post_tag","embeddable":true,"href":"https:\/\/www.zunoticia.com\/noticias-de-hidalgo\/wp-json\/wp\/v2\/tags?post=568935"}],"curies":[{"name":"wp","href":"https:\/\/api.w.org\/{rel}","templated":true}]}}