{"id":568968,"date":"2024-10-29T19:59:59","date_gmt":"2024-10-30T01:59:59","guid":{"rendered":"https:\/\/www.zunoticia.com\/noticias-de-hidalgo\/?p=568968"},"modified":"2024-10-29T20:06:29","modified_gmt":"2024-10-30T02:06:29","slug":"exposicion-de-mascaras-de-madera-presente-en-la-plaza-nicandro-castillo","status":"publish","type":"post","link":"https:\/\/www.zunoticia.com\/noticias-de-hidalgo\/2024\/10\/29\/exposicion-de-mascaras-de-madera-presente-en-la-plaza-nicandro-castillo\/","title":{"rendered":"Exposici\u00f3n de m\u00e1scaras de madera presente en la plaza Nicandro Castillo"},"content":{"rendered":"<aside class=\"mashsb-container mashsb-main mashsb-stretched\"><div class=\"mashsb-box\"><div class=\"mashsb-count mash-large\" style=\"float:left\"><div class=\"counts mashsbcount\">0<\/div><span class=\"mashsb-sharetext\">SHARES<\/span><\/div><div class=\"mashsb-buttons\"><a class=\"mashicon-facebook mash-large mash-center mashsb-noshadow\" href=\"https:\/\/www.facebook.com\/sharer.php?u=https%3A%2F%2Fwww.zunoticia.com%2Fnoticias-de-hidalgo%2F2024%2F10%2F29%2Fexposicion-de-mascaras-de-madera-presente-en-la-plaza-nicandro-castillo%2F\" target=\"_top\" rel=\"nofollow\"><span class=\"icon\"><\/span><span class=\"text\">Share<\/span><\/a><a class=\"mashicon-twitter mash-large mash-center mashsb-noshadow\" href=\"https:\/\/twitter.com\/intent\/tweet?text=&amp;url=https:\/\/www.zunoticia.com\/noticias-de-hidalgo\/2024\/10\/29\/exposicion-de-mascaras-de-madera-presente-en-la-plaza-nicandro-castillo\/\" target=\"_top\" rel=\"nofollow\"><span class=\"icon\"><\/span><span class=\"text\">Tweet<\/span><\/a><div class=\"onoffswitch2 mash-large mashsb-noshadow\" style=\"display:none\"><\/div><\/div>\n            <\/div>\n                <div style=\"clear:both\"><\/div><div class=\"mashsb-toggle-container\"><\/div><\/aside>\n            <!-- Share buttons by mashshare.net - Version: 4.0.47-->\n<p><em>Por Karen Rivera\/Zunoticia<\/em><\/p>\n\n\n\n<p><strong>Huejutla de Reyes, Hgo.-<\/strong> La manifestaci\u00f3n cultural se hace presente en cada rinc\u00f3n de la Huasteca hidalguense, formando parte de estas tradiciones las m\u00e1scaras de madera.<\/p>\n\n\n\n<p>Esculpidas a mano, con colores vivos, labradas de madera de pemuche; los artesanos realizaron la exposici\u00f3n de m\u00e1scaras en la Plaza Nicandro Castillo.<\/p>\n\n\n\n<p>Del 28 de octubre al 2 de noviembre del a\u00f1o en curso, en un horario de 8:00 de la ma\u00f1ana a 9:00 de la noche, se llevar\u00e1 a cabo la expoventa de m\u00e1scaras artesanales.<\/p>\n\n\n\n<p>El artesano y carpintero de la comunidad de Palzoquiapa, Mart\u00edn Francisco Hern\u00e1ndez Hern\u00e1ndez, inform\u00f3 que, tiene 10 a\u00f1os que se dedica a la elaboraci\u00f3n de las m\u00e1scaras, donde desde el mes de julio se dedica a concentrar los materiales que se habr\u00e1n de utilizar para darle forma a cada pieza artesanal.<\/p>\n\n\n\n<figure class=\"wp-block-image size-full\"><img fetchpriority=\"high\" decoding=\"async\" width=\"1600\" height=\"902\" src=\"https:\/\/www.zunoticia.com\/noticias-de-hidalgo\/wp-content\/uploads\/2024\/10\/eZy-Watermark_29-10-2024_07-53-29-4530p.m.jpg\" alt=\"\" class=\"wp-image-568972\"\/><\/figure>\n\n\n\n<p>Dos m\u00e1scaras elaboran por d\u00eda; las que contienen mayor detalle se elaboran en tres o cuatro d\u00edas, ya que el tallado de estas requiere de un tiempo determinado para esculpirlas y despu\u00e9s pasar por el proceso de barniz y pintura.<\/p>\n\n\n\n<p>Coment\u00f3 que, las m\u00e1scaras tienen un costo de $400.00, $500.00 y $600.00 pesos, seg\u00fan el tama\u00f1o de la pieza.<\/p>\n\n\n\n<p>Finalmente, el comerciante hizo una atenta invitaci\u00f3n a los turistas para que apoyen la econom\u00eda local y a su mano tradicional en estos festejos representativos de la Huasteca hidalguense.<\/p>\n","protected":false},"excerpt":{"rendered":"<p>Por Karen Rivera\/Zunoticia Huejutla de Reyes, Hgo.- La manifestaci\u00f3n cultural se hace presente en cada rinc\u00f3n de la Huasteca hidalguense, formando parte de estas tradiciones las m\u00e1scaras de madera. Esculpidas a mano, con colores vivos, labradas de madera de pemuche; los artesanos realizaron la exposici\u00f3n de m\u00e1scaras en la Plaza Nicandro Castillo. Del 28 de&hellip; <a class=\"more-link\" href=\"https:\/\/www.zunoticia.com\/noticias-de-hidalgo\/2024\/10\/29\/exposicion-de-mascaras-de-madera-presente-en-la-plaza-nicandro-castillo\/\">Seguir leyendo <span class=\"screen-reader-text\">Exposici\u00f3n de m\u00e1scaras de madera presente en la plaza Nicandro Castillo<\/span><\/a><\/p>\n","protected":false},"author":12,"featured_media":568973,"comment_status":"open","ping_status":"open","sticky":false,"template":"","format":"standard","meta":{"rop_custom_images_group":[],"rop_custom_messages_group":[],"rop_publish_now":"initial","rop_publish_now_accounts":{"facebook_10159540855086992_322828327761733":""},"rop_publish_now_history":[],"rop_publish_now_status":"pending","footnotes":""},"categories":[181],"tags":[121],"class_list":["post-568968","post","type-post","status-publish","format-standard","has-post-thumbnail","hentry","category-huejutla","tag-huejutla","entry"],"_links":{"self":[{"href":"https:\/\/www.zunoticia.com\/noticias-de-hidalgo\/wp-json\/wp\/v2\/posts\/568968","targetHints":{"allow":["GET"]}}],"collection":[{"href":"https:\/\/www.zunoticia.com\/noticias-de-hidalgo\/wp-json\/wp\/v2\/posts"}],"about":[{"href":"https:\/\/www.zunoticia.com\/noticias-de-hidalgo\/wp-json\/wp\/v2\/types\/post"}],"author":[{"embeddable":true,"href":"https:\/\/www.zunoticia.com\/noticias-de-hidalgo\/wp-json\/wp\/v2\/users\/12"}],"replies":[{"embeddable":true,"href":"https:\/\/www.zunoticia.com\/noticias-de-hidalgo\/wp-json\/wp\/v2\/comments?post=568968"}],"version-history":[{"count":2,"href":"https:\/\/www.zunoticia.com\/noticias-de-hidalgo\/wp-json\/wp\/v2\/posts\/568968\/revisions"}],"predecessor-version":[{"id":568977,"href":"https:\/\/www.zunoticia.com\/noticias-de-hidalgo\/wp-json\/wp\/v2\/posts\/568968\/revisions\/568977"}],"wp:featuredmedia":[{"embeddable":true,"href":"https:\/\/www.zunoticia.com\/noticias-de-hidalgo\/wp-json\/wp\/v2\/media\/568973"}],"wp:attachment":[{"href":"https:\/\/www.zunoticia.com\/noticias-de-hidalgo\/wp-json\/wp\/v2\/media?parent=568968"}],"wp:term":[{"taxonomy":"category","embeddable":true,"href":"https:\/\/www.zunoticia.com\/noticias-de-hidalgo\/wp-json\/wp\/v2\/categories?post=568968"},{"taxonomy":"post_tag","embeddable":true,"href":"https:\/\/www.zunoticia.com\/noticias-de-hidalgo\/wp-json\/wp\/v2\/tags?post=568968"}],"curies":[{"name":"wp","href":"https:\/\/api.w.org\/{rel}","templated":true}]}}