{"id":569465,"date":"2024-11-01T11:55:31","date_gmt":"2024-11-01T17:55:31","guid":{"rendered":"https:\/\/www.zunoticia.com\/noticias-de-hidalgo\/?p=569465"},"modified":"2024-11-01T11:55:33","modified_gmt":"2024-11-01T17:55:33","slug":"de-colores-se-vistio-la-plaza-del-pueblo","status":"publish","type":"post","link":"https:\/\/www.zunoticia.com\/noticias-de-hidalgo\/2024\/11\/01\/de-colores-se-vistio-la-plaza-del-pueblo\/","title":{"rendered":"De colores se visti\u00f3 la plaza del pueblo"},"content":{"rendered":"<aside class=\"mashsb-container mashsb-main mashsb-stretched\"><div class=\"mashsb-box\"><div class=\"mashsb-count mash-large\" style=\"float:left\"><div class=\"counts mashsbcount\">0<\/div><span class=\"mashsb-sharetext\">SHARES<\/span><\/div><div class=\"mashsb-buttons\"><a class=\"mashicon-facebook mash-large mash-center mashsb-noshadow\" href=\"https:\/\/www.facebook.com\/sharer.php?u=https%3A%2F%2Fwww.zunoticia.com%2Fnoticias-de-hidalgo%2F2024%2F11%2F01%2Fde-colores-se-vistio-la-plaza-del-pueblo%2F\" target=\"_top\" rel=\"nofollow\"><span class=\"icon\"><\/span><span class=\"text\">Share<\/span><\/a><a class=\"mashicon-twitter mash-large mash-center mashsb-noshadow\" href=\"https:\/\/twitter.com\/intent\/tweet?text=&amp;url=https:\/\/www.zunoticia.com\/noticias-de-hidalgo\/2024\/11\/01\/de-colores-se-vistio-la-plaza-del-pueblo\/\" target=\"_top\" rel=\"nofollow\"><span class=\"icon\"><\/span><span class=\"text\">Tweet<\/span><\/a><div class=\"onoffswitch2 mash-large mashsb-noshadow\" style=\"display:none\"><\/div><\/div>\n            <\/div>\n                <div style=\"clear:both\"><\/div><div class=\"mashsb-toggle-container\"><\/div><\/aside>\n            <!-- Share buttons by mashshare.net - Version: 4.0.47-->\n<p><em>&nbsp;Por Georgina Jaramillo\/Zunoticia.<\/em><\/p>\n\n\n\n<p><strong>Zacualtip\u00e1n de \u00c1ngeles, Hgo<\/strong>.- De colores se visti\u00f3 la zona centro de Zacualtip\u00e1n con la colocaci\u00f3n de la ornamentaci\u00f3n en la plaza del pueblo y la fachada de la alcald\u00eda, en el marco del D\u00eda de Muertos.<\/p>\n\n\n\n<p>Los trabajos alusivos a la fecha que fueron elaborados por docentes y alumnos de algunos planteles educativos, para su participaci\u00f3n en los desfiles, fueron colocados en el interior del Kiosco, donde las familias que visitan la plaza municipal por las tardes &#8211; noches acuden a tomarse la fotograf\u00eda del recuerdo.<\/p>\n\n\n\n<p>La direcci\u00f3n municipal de Turismo a cargo de Juan Carlos P\u00e9rez Olivares y la direcci\u00f3n de Cultura y Educaci\u00f3n, que preside el Profesor Vianey Hidalgo Mayorga, con la colaboraci\u00f3n de trabajadores de la alcald\u00eda trabajaron a marchas forzadas durante los d\u00edas previos al 30 de octubre en la elaboraci\u00f3n y colocaci\u00f3n de la ornamentaci\u00f3n propia de la festividad, para despu\u00e9s llevar a cabo su colocaci\u00f3n en el Kiosco y el frente de la presidencia municipal, donde tambi\u00e9n fue elaborado un vistoso altar con las ofrendas.<\/p>\n\n\n\n<p>Habitantes de este municipio han aplaudido el esfuerzo que las autoridades actuales han hecho para llevar a cabo la decoraci\u00f3n de los espacios p\u00fablicos, en el marco de la celebraci\u00f3n de los Difuntos, ya que durante tres a\u00f1os no se hab\u00eda llevado a cabo algo que, para los habitantes de este lugar es una importante tradici\u00f3n.<\/p>\n\n\n\n<figure class=\"wp-block-image size-full\"><img fetchpriority=\"high\" decoding=\"async\" width=\"933\" height=\"524\" src=\"https:\/\/www.zunoticia.com\/noticias-de-hidalgo\/wp-content\/uploads\/2024\/11\/Zunoticia-Huejutla-4.png\" alt=\"\" class=\"wp-image-569467\"\/><\/figure>\n","protected":false},"excerpt":{"rendered":"<p>&nbsp;Por Georgina Jaramillo\/Zunoticia. Zacualtip\u00e1n de \u00c1ngeles, Hgo.- De colores se visti\u00f3 la zona centro de Zacualtip\u00e1n con la colocaci\u00f3n de la ornamentaci\u00f3n en la plaza del pueblo y la fachada de la alcald\u00eda, en el marco del D\u00eda de Muertos. Los trabajos alusivos a la fecha que fueron elaborados por docentes y alumnos de algunos&hellip; <a class=\"more-link\" href=\"https:\/\/www.zunoticia.com\/noticias-de-hidalgo\/2024\/11\/01\/de-colores-se-vistio-la-plaza-del-pueblo\/\">Seguir leyendo <span class=\"screen-reader-text\">De colores se visti\u00f3 la plaza del pueblo<\/span><\/a><\/p>\n","protected":false},"author":20,"featured_media":569466,"comment_status":"open","ping_status":"open","sticky":false,"template":"","format":"standard","meta":{"rop_custom_images_group":[],"rop_custom_messages_group":[],"rop_publish_now":"initial","rop_publish_now_accounts":{"facebook_10159540855086992_322828327761733":""},"rop_publish_now_history":[],"rop_publish_now_status":"pending","footnotes":""},"categories":[433,441],"tags":[436,302],"class_list":["post-569465","post","type-post","status-publish","format-standard","has-post-thumbnail","hentry","category-sierra-alta","category-zacualtipan-sierra-alta","tag-sierra-alta","tag-zacualtipan","entry"],"_links":{"self":[{"href":"https:\/\/www.zunoticia.com\/noticias-de-hidalgo\/wp-json\/wp\/v2\/posts\/569465","targetHints":{"allow":["GET"]}}],"collection":[{"href":"https:\/\/www.zunoticia.com\/noticias-de-hidalgo\/wp-json\/wp\/v2\/posts"}],"about":[{"href":"https:\/\/www.zunoticia.com\/noticias-de-hidalgo\/wp-json\/wp\/v2\/types\/post"}],"author":[{"embeddable":true,"href":"https:\/\/www.zunoticia.com\/noticias-de-hidalgo\/wp-json\/wp\/v2\/users\/20"}],"replies":[{"embeddable":true,"href":"https:\/\/www.zunoticia.com\/noticias-de-hidalgo\/wp-json\/wp\/v2\/comments?post=569465"}],"version-history":[{"count":1,"href":"https:\/\/www.zunoticia.com\/noticias-de-hidalgo\/wp-json\/wp\/v2\/posts\/569465\/revisions"}],"predecessor-version":[{"id":569468,"href":"https:\/\/www.zunoticia.com\/noticias-de-hidalgo\/wp-json\/wp\/v2\/posts\/569465\/revisions\/569468"}],"wp:featuredmedia":[{"embeddable":true,"href":"https:\/\/www.zunoticia.com\/noticias-de-hidalgo\/wp-json\/wp\/v2\/media\/569466"}],"wp:attachment":[{"href":"https:\/\/www.zunoticia.com\/noticias-de-hidalgo\/wp-json\/wp\/v2\/media?parent=569465"}],"wp:term":[{"taxonomy":"category","embeddable":true,"href":"https:\/\/www.zunoticia.com\/noticias-de-hidalgo\/wp-json\/wp\/v2\/categories?post=569465"},{"taxonomy":"post_tag","embeddable":true,"href":"https:\/\/www.zunoticia.com\/noticias-de-hidalgo\/wp-json\/wp\/v2\/tags?post=569465"}],"curies":[{"name":"wp","href":"https:\/\/api.w.org\/{rel}","templated":true}]}}