{"id":569487,"date":"2024-11-01T14:45:49","date_gmt":"2024-11-01T20:45:49","guid":{"rendered":"https:\/\/www.zunoticia.com\/noticias-de-hidalgo\/?p=569487"},"modified":"2024-11-01T14:45:51","modified_gmt":"2024-11-01T20:45:51","slug":"reforestacion-en-la-comunidad-de-carpinteros","status":"publish","type":"post","link":"https:\/\/www.zunoticia.com\/noticias-de-hidalgo\/2024\/11\/01\/reforestacion-en-la-comunidad-de-carpinteros\/","title":{"rendered":"Reforestaci\u00f3n en la comunidad de Carpinteros"},"content":{"rendered":"<aside class=\"mashsb-container mashsb-main mashsb-stretched\"><div class=\"mashsb-box\"><div class=\"mashsb-count mash-large\" style=\"float:left\"><div class=\"counts mashsbcount\">0<\/div><span class=\"mashsb-sharetext\">SHARES<\/span><\/div><div class=\"mashsb-buttons\"><a class=\"mashicon-facebook mash-large mash-center mashsb-noshadow\" href=\"https:\/\/www.facebook.com\/sharer.php?u=https%3A%2F%2Fwww.zunoticia.com%2Fnoticias-de-hidalgo%2F2024%2F11%2F01%2Freforestacion-en-la-comunidad-de-carpinteros%2F\" target=\"_top\" rel=\"nofollow\"><span class=\"icon\"><\/span><span class=\"text\">Share<\/span><\/a><a class=\"mashicon-twitter mash-large mash-center mashsb-noshadow\" href=\"https:\/\/twitter.com\/intent\/tweet?text=&amp;url=https:\/\/www.zunoticia.com\/noticias-de-hidalgo\/2024\/11\/01\/reforestacion-en-la-comunidad-de-carpinteros\/\" target=\"_top\" rel=\"nofollow\"><span class=\"icon\"><\/span><span class=\"text\">Tweet<\/span><\/a><div class=\"onoffswitch2 mash-large mashsb-noshadow\" style=\"display:none\"><\/div><\/div>\n            <\/div>\n                <div style=\"clear:both\"><\/div><div class=\"mashsb-toggle-container\"><\/div><\/aside>\n            <!-- Share buttons by mashshare.net - Version: 4.0.47-->\n<p><em>Por Esmeralda Vargas\/Zunoticia<\/em><\/p>\n\n\n\n<p><strong>San Agust\u00edn Metzquititl\u00e1n, Hgo<\/strong>.- El H. Ayuntamiento de San Agust\u00edn Metzquititl\u00e1n llev\u00f3 a cabo una importante reforestaci\u00f3n en la comunidad de Carpinteros, organizada por el presidente municipal constitucional Germ\u00e1n Hern\u00e1ndez P\u00e9rez junto con Perla Mayari Trejo Ram\u00edrez, directora de Ecolog\u00eda; la actividad cont\u00f3 con la participaci\u00f3n del comisariado de la comunidad, directores de diversas \u00e1reas del ayuntamiento y personal de Servicios p\u00fablicos municipales.<\/p>\n\n\n\n<p>La reforestaci\u00f3n se realiz\u00f3 gracias a la generosa donaci\u00f3n de \u00e1rboles por parte de la Universidad de Chapingo, lo que permiti\u00f3 incrementar la cobertura vegetal en la zona y promover la conservaci\u00f3n del medio ambiente; durante la jornada los participantes se unieron para plantar \u00e1rboles y concientizar sobre la importancia de cuidar y preservar los recursos naturales.<\/p>\n\n\n\n<p>Con estas actividades se busca mejorar el entorno ecol\u00f3gico de Carpinteros, as\u00ed mismo fomentar un sentido de comunidad y responsabilidad ambiental entre los habitantes; esta iniciativa refleja el compromiso del ayuntamiento con el desarrollo sostenible y la participaci\u00f3n ciudadana en la protecci\u00f3n del medio ambiente.<\/p>\n\n\n\n<figure class=\"wp-block-image size-full\"><img fetchpriority=\"high\" decoding=\"async\" width=\"933\" height=\"524\" src=\"https:\/\/www.zunoticia.com\/noticias-de-hidalgo\/wp-content\/uploads\/2024\/11\/Zunoticia-Huejutla-2-2.png\" alt=\"\" class=\"wp-image-569489\"\/><\/figure>\n","protected":false},"excerpt":{"rendered":"<p>Por Esmeralda Vargas\/Zunoticia San Agust\u00edn Metzquititl\u00e1n, Hgo.- El H. Ayuntamiento de San Agust\u00edn Metzquititl\u00e1n llev\u00f3 a cabo una importante reforestaci\u00f3n en la comunidad de Carpinteros, organizada por el presidente municipal constitucional Germ\u00e1n Hern\u00e1ndez P\u00e9rez junto con Perla Mayari Trejo Ram\u00edrez, directora de Ecolog\u00eda; la actividad cont\u00f3 con la participaci\u00f3n del comisariado de la comunidad, directores&hellip; <a class=\"more-link\" href=\"https:\/\/www.zunoticia.com\/noticias-de-hidalgo\/2024\/11\/01\/reforestacion-en-la-comunidad-de-carpinteros\/\">Seguir leyendo <span class=\"screen-reader-text\">Reforestaci\u00f3n en la comunidad de Carpinteros<\/span><\/a><\/p>\n","protected":false},"author":20,"featured_media":569488,"comment_status":"open","ping_status":"open","sticky":false,"template":"","format":"standard","meta":{"rop_custom_images_group":[],"rop_custom_messages_group":[],"rop_publish_now":"initial","rop_publish_now_accounts":{"facebook_10159540855086992_322828327761733":""},"rop_publish_now_history":[],"rop_publish_now_status":"pending","footnotes":""},"categories":[443,433],"tags":[300,436],"class_list":["post-569487","post","type-post","status-publish","format-standard","has-post-thumbnail","hentry","category-san-agustin-metzquititlan","category-sierra-alta","tag-san-agustin-metzquititlan","tag-sierra-alta","entry"],"_links":{"self":[{"href":"https:\/\/www.zunoticia.com\/noticias-de-hidalgo\/wp-json\/wp\/v2\/posts\/569487","targetHints":{"allow":["GET"]}}],"collection":[{"href":"https:\/\/www.zunoticia.com\/noticias-de-hidalgo\/wp-json\/wp\/v2\/posts"}],"about":[{"href":"https:\/\/www.zunoticia.com\/noticias-de-hidalgo\/wp-json\/wp\/v2\/types\/post"}],"author":[{"embeddable":true,"href":"https:\/\/www.zunoticia.com\/noticias-de-hidalgo\/wp-json\/wp\/v2\/users\/20"}],"replies":[{"embeddable":true,"href":"https:\/\/www.zunoticia.com\/noticias-de-hidalgo\/wp-json\/wp\/v2\/comments?post=569487"}],"version-history":[{"count":1,"href":"https:\/\/www.zunoticia.com\/noticias-de-hidalgo\/wp-json\/wp\/v2\/posts\/569487\/revisions"}],"predecessor-version":[{"id":569490,"href":"https:\/\/www.zunoticia.com\/noticias-de-hidalgo\/wp-json\/wp\/v2\/posts\/569487\/revisions\/569490"}],"wp:featuredmedia":[{"embeddable":true,"href":"https:\/\/www.zunoticia.com\/noticias-de-hidalgo\/wp-json\/wp\/v2\/media\/569488"}],"wp:attachment":[{"href":"https:\/\/www.zunoticia.com\/noticias-de-hidalgo\/wp-json\/wp\/v2\/media?parent=569487"}],"wp:term":[{"taxonomy":"category","embeddable":true,"href":"https:\/\/www.zunoticia.com\/noticias-de-hidalgo\/wp-json\/wp\/v2\/categories?post=569487"},{"taxonomy":"post_tag","embeddable":true,"href":"https:\/\/www.zunoticia.com\/noticias-de-hidalgo\/wp-json\/wp\/v2\/tags?post=569487"}],"curies":[{"name":"wp","href":"https:\/\/api.w.org\/{rel}","templated":true}]}}