{"id":569501,"date":"2024-11-01T15:36:18","date_gmt":"2024-11-01T21:36:18","guid":{"rendered":"https:\/\/www.zunoticia.com\/noticias-de-hidalgo\/?p=569501"},"modified":"2024-11-01T15:36:19","modified_gmt":"2024-11-01T21:36:19","slug":"chocan-dos-automoviles-sobre-la-mexico-tampico","status":"publish","type":"post","link":"https:\/\/www.zunoticia.com\/noticias-de-hidalgo\/2024\/11\/01\/chocan-dos-automoviles-sobre-la-mexico-tampico\/","title":{"rendered":"Chocan dos autom\u00f3viles sobre la M\u00e9xico-Tampico"},"content":{"rendered":"<aside class=\"mashsb-container mashsb-main mashsb-stretched\"><div class=\"mashsb-box\"><div class=\"mashsb-count mash-large\" style=\"float:left\"><div class=\"counts mashsbcount\">0<\/div><span class=\"mashsb-sharetext\">SHARES<\/span><\/div><div class=\"mashsb-buttons\"><a class=\"mashicon-facebook mash-large mash-center mashsb-noshadow\" href=\"https:\/\/www.facebook.com\/sharer.php?u=https%3A%2F%2Fwww.zunoticia.com%2Fnoticias-de-hidalgo%2F2024%2F11%2F01%2Fchocan-dos-automoviles-sobre-la-mexico-tampico%2F\" target=\"_top\" rel=\"nofollow\"><span class=\"icon\"><\/span><span class=\"text\">Share<\/span><\/a><a class=\"mashicon-twitter mash-large mash-center mashsb-noshadow\" href=\"https:\/\/twitter.com\/intent\/tweet?text=&amp;url=https:\/\/www.zunoticia.com\/noticias-de-hidalgo\/2024\/11\/01\/chocan-dos-automoviles-sobre-la-mexico-tampico\/\" target=\"_top\" rel=\"nofollow\"><span class=\"icon\"><\/span><span class=\"text\">Tweet<\/span><\/a><div class=\"onoffswitch2 mash-large mashsb-noshadow\" style=\"display:none\"><\/div><\/div>\n            <\/div>\n                <div style=\"clear:both\"><\/div><div class=\"mashsb-toggle-container\"><\/div><\/aside>\n            <!-- Share buttons by mashshare.net - Version: 4.0.47-->\n<p><em>Por Roberto Ram\u00edrez \/Zunoticia<\/em><\/p>\n\n\n\n<p><strong>Huejutla, Hgo<\/strong>. &#8211; El choque de dos unidades motoras particulares, dej\u00f3 una persona lesionada y da\u00f1os materiales, al parecer el incidente ocurri\u00f3 ante la falta de precauci\u00f3n por parte de uno de los conductores y el exceso de velocidad.<\/p>\n\n\n\n<p>El accidente ocurri\u00f3 sobre la M\u00e9xico-Tampico, entre el poblado de Tehuetl\u00e1n y Santa Martha, donde presuntamente el conductor de un autom\u00f3vil Nissan Versa, color blanco, invadi\u00f3 carril contrario e impact\u00f3 a otro coche Volkswagen Vento, dejando s\u00f3lo cuantiosos da\u00f1os materiales y una lesionada.<\/p>\n\n\n\n<p>Al lugar llegaron param\u00e9dicos de los bomberos, para atender a la herida y dem\u00e1s personas, quienes s\u00f3lo sufrieron contusiones; Polic\u00edas y de la Guardia Nacional Carreteras intervinieron en el caso y ordenaron el remolque de los autos chocados al corral\u00f3n.<\/p>\n","protected":false},"excerpt":{"rendered":"<p>Por Roberto Ram\u00edrez \/Zunoticia Huejutla, Hgo. &#8211; El choque de dos unidades motoras particulares, dej\u00f3 una persona lesionada y da\u00f1os materiales, al parecer el incidente ocurri\u00f3 ante la falta de precauci\u00f3n por parte de uno de los conductores y el exceso de velocidad. El accidente ocurri\u00f3 sobre la M\u00e9xico-Tampico, entre el poblado de Tehuetl\u00e1n y&hellip; <a class=\"more-link\" href=\"https:\/\/www.zunoticia.com\/noticias-de-hidalgo\/2024\/11\/01\/chocan-dos-automoviles-sobre-la-mexico-tampico\/\">Seguir leyendo <span class=\"screen-reader-text\">Chocan dos autom\u00f3viles sobre la M\u00e9xico-Tampico<\/span><\/a><\/p>\n","protected":false},"author":20,"featured_media":569502,"comment_status":"open","ping_status":"open","sticky":false,"template":"","format":"standard","meta":{"rop_custom_images_group":[],"rop_custom_messages_group":[],"rop_publish_now":"initial","rop_publish_now_accounts":{"facebook_10159540855086992_322828327761733":""},"rop_publish_now_history":[],"rop_publish_now_status":"pending","footnotes":""},"categories":[1],"tags":[259],"class_list":["post-569501","post","type-post","status-publish","format-standard","has-post-thumbnail","hentry","category-sin-categoria","tag-policiaca","entry"],"_links":{"self":[{"href":"https:\/\/www.zunoticia.com\/noticias-de-hidalgo\/wp-json\/wp\/v2\/posts\/569501","targetHints":{"allow":["GET"]}}],"collection":[{"href":"https:\/\/www.zunoticia.com\/noticias-de-hidalgo\/wp-json\/wp\/v2\/posts"}],"about":[{"href":"https:\/\/www.zunoticia.com\/noticias-de-hidalgo\/wp-json\/wp\/v2\/types\/post"}],"author":[{"embeddable":true,"href":"https:\/\/www.zunoticia.com\/noticias-de-hidalgo\/wp-json\/wp\/v2\/users\/20"}],"replies":[{"embeddable":true,"href":"https:\/\/www.zunoticia.com\/noticias-de-hidalgo\/wp-json\/wp\/v2\/comments?post=569501"}],"version-history":[{"count":1,"href":"https:\/\/www.zunoticia.com\/noticias-de-hidalgo\/wp-json\/wp\/v2\/posts\/569501\/revisions"}],"predecessor-version":[{"id":569503,"href":"https:\/\/www.zunoticia.com\/noticias-de-hidalgo\/wp-json\/wp\/v2\/posts\/569501\/revisions\/569503"}],"wp:featuredmedia":[{"embeddable":true,"href":"https:\/\/www.zunoticia.com\/noticias-de-hidalgo\/wp-json\/wp\/v2\/media\/569502"}],"wp:attachment":[{"href":"https:\/\/www.zunoticia.com\/noticias-de-hidalgo\/wp-json\/wp\/v2\/media?parent=569501"}],"wp:term":[{"taxonomy":"category","embeddable":true,"href":"https:\/\/www.zunoticia.com\/noticias-de-hidalgo\/wp-json\/wp\/v2\/categories?post=569501"},{"taxonomy":"post_tag","embeddable":true,"href":"https:\/\/www.zunoticia.com\/noticias-de-hidalgo\/wp-json\/wp\/v2\/tags?post=569501"}],"curies":[{"name":"wp","href":"https:\/\/api.w.org\/{rel}","templated":true}]}}