{"id":569512,"date":"2024-11-01T16:05:20","date_gmt":"2024-11-01T22:05:20","guid":{"rendered":"https:\/\/www.zunoticia.com\/noticias-de-hidalgo\/?p=569512"},"modified":"2024-11-01T16:05:21","modified_gmt":"2024-11-01T22:05:21","slug":"refuerzan-la-celebracion-del-dia-de-muertos-mijkailuitl-xantolo","status":"publish","type":"post","link":"https:\/\/www.zunoticia.com\/noticias-de-hidalgo\/2024\/11\/01\/refuerzan-la-celebracion-del-dia-de-muertos-mijkailuitl-xantolo\/","title":{"rendered":"Refuerzan la celebraci\u00f3n del d\u00eda de muertos &#8220;Mijkailuitl\u201d, Xantolo"},"content":{"rendered":"<aside class=\"mashsb-container mashsb-main mashsb-stretched\"><div class=\"mashsb-box\"><div class=\"mashsb-count mash-large\" style=\"float:left\"><div class=\"counts mashsbcount\">0<\/div><span class=\"mashsb-sharetext\">SHARES<\/span><\/div><div class=\"mashsb-buttons\"><a class=\"mashicon-facebook mash-large mash-center mashsb-noshadow\" href=\"https:\/\/www.facebook.com\/sharer.php?u=https%3A%2F%2Fwww.zunoticia.com%2Fnoticias-de-hidalgo%2F2024%2F11%2F01%2Frefuerzan-la-celebracion-del-dia-de-muertos-mijkailuitl-xantolo%2F\" target=\"_top\" rel=\"nofollow\"><span class=\"icon\"><\/span><span class=\"text\">Share<\/span><\/a><a class=\"mashicon-twitter mash-large mash-center mashsb-noshadow\" href=\"https:\/\/twitter.com\/intent\/tweet?text=&amp;url=https:\/\/www.zunoticia.com\/noticias-de-hidalgo\/2024\/11\/01\/refuerzan-la-celebracion-del-dia-de-muertos-mijkailuitl-xantolo\/\" target=\"_top\" rel=\"nofollow\"><span class=\"icon\"><\/span><span class=\"text\">Tweet<\/span><\/a><div class=\"onoffswitch2 mash-large mashsb-noshadow\" style=\"display:none\"><\/div><\/div>\n            <\/div>\n                <div style=\"clear:both\"><\/div><div class=\"mashsb-toggle-container\"><\/div><\/aside>\n            <!-- Share buttons by mashshare.net - Version: 4.0.47-->\n<p><em>Por Gabriela Hern\u00e1ndez\/Zunoticia<\/em><\/p>\n\n\n\n<p><strong>Jaltoc\u00e1n, Hgo<\/strong>.- Diversas instituciones educativas participaron la ma\u00f1ana de este jueves 31 de octubre, en la celebraci\u00f3n del D\u00eda de Muertos, las cuales llevaron a cabo una demostraci\u00f3n de altares; as\u00ed mismo interpretaron sones y danzas con trajes alusivos a dichas fechas.<\/p>\n\n\n\n<figure class=\"wp-block-image size-full\"><img fetchpriority=\"high\" decoding=\"async\" width=\"933\" height=\"524\" src=\"https:\/\/www.zunoticia.com\/noticias-de-hidalgo\/wp-content\/uploads\/2024\/11\/Zunoticia-Huejutla-12.png\" alt=\"\" class=\"wp-image-569515\"\/><\/figure>\n\n\n\n<p>La celebraci\u00f3n se llev\u00f3 a cabo en las galeras de las instituciones educativas, donde estuvieron presentes autoridades locales y educativas; se\u00f1alaron que dicha actividad tiene como objetivo reforzar y fomentar la cultura y las tradiciones en la huasteca.<\/p>\n\n\n\n<p>Estudiantes de jardines de ni\u00f1os, escuelas primarias, secundaria y del COBAEH portaron trajes alusivos al Xantolo, e interpretaron danzas y sones t\u00edpicos referente al D\u00eda de Muertos, donde decenas de familias de la cabecera municipal se dieron cita para participar en una de las fiestas m\u00e1s representativas de esta regi\u00f3n.<\/p>\n\n\n\n<figure class=\"wp-block-image size-full\"><img decoding=\"async\" width=\"933\" height=\"524\" src=\"https:\/\/www.zunoticia.com\/noticias-de-hidalgo\/wp-content\/uploads\/2024\/11\/Zunoticia-Huejutla-1-6.png\" alt=\"\" class=\"wp-image-569514\"\/><\/figure>\n","protected":false},"excerpt":{"rendered":"<p>Por Gabriela Hern\u00e1ndez\/Zunoticia Jaltoc\u00e1n, Hgo.- Diversas instituciones educativas participaron la ma\u00f1ana de este jueves 31 de octubre, en la celebraci\u00f3n del D\u00eda de Muertos, las cuales llevaron a cabo una demostraci\u00f3n de altares; as\u00ed mismo interpretaron sones y danzas con trajes alusivos a dichas fechas. La celebraci\u00f3n se llev\u00f3 a cabo en las galeras de&hellip; <a class=\"more-link\" href=\"https:\/\/www.zunoticia.com\/noticias-de-hidalgo\/2024\/11\/01\/refuerzan-la-celebracion-del-dia-de-muertos-mijkailuitl-xantolo\/\">Seguir leyendo <span class=\"screen-reader-text\">Refuerzan la celebraci\u00f3n del d\u00eda de muertos &#8220;Mijkailuitl\u201d, Xantolo<\/span><\/a><\/p>\n","protected":false},"author":20,"featured_media":569513,"comment_status":"open","ping_status":"open","sticky":false,"template":"","format":"standard","meta":{"rop_custom_images_group":[],"rop_custom_messages_group":[],"rop_publish_now":"initial","rop_publish_now_accounts":{"facebook_10159540855086992_322828327761733":""},"rop_publish_now_history":[],"rop_publish_now_status":"pending","footnotes":""},"categories":[179,200],"tags":[229,131],"class_list":["post-569512","post","type-post","status-publish","format-standard","has-post-thumbnail","hentry","category-huasteca","category-jaltocan","tag-huasteca","tag-jaltocan","entry"],"_links":{"self":[{"href":"https:\/\/www.zunoticia.com\/noticias-de-hidalgo\/wp-json\/wp\/v2\/posts\/569512","targetHints":{"allow":["GET"]}}],"collection":[{"href":"https:\/\/www.zunoticia.com\/noticias-de-hidalgo\/wp-json\/wp\/v2\/posts"}],"about":[{"href":"https:\/\/www.zunoticia.com\/noticias-de-hidalgo\/wp-json\/wp\/v2\/types\/post"}],"author":[{"embeddable":true,"href":"https:\/\/www.zunoticia.com\/noticias-de-hidalgo\/wp-json\/wp\/v2\/users\/20"}],"replies":[{"embeddable":true,"href":"https:\/\/www.zunoticia.com\/noticias-de-hidalgo\/wp-json\/wp\/v2\/comments?post=569512"}],"version-history":[{"count":1,"href":"https:\/\/www.zunoticia.com\/noticias-de-hidalgo\/wp-json\/wp\/v2\/posts\/569512\/revisions"}],"predecessor-version":[{"id":569516,"href":"https:\/\/www.zunoticia.com\/noticias-de-hidalgo\/wp-json\/wp\/v2\/posts\/569512\/revisions\/569516"}],"wp:featuredmedia":[{"embeddable":true,"href":"https:\/\/www.zunoticia.com\/noticias-de-hidalgo\/wp-json\/wp\/v2\/media\/569513"}],"wp:attachment":[{"href":"https:\/\/www.zunoticia.com\/noticias-de-hidalgo\/wp-json\/wp\/v2\/media?parent=569512"}],"wp:term":[{"taxonomy":"category","embeddable":true,"href":"https:\/\/www.zunoticia.com\/noticias-de-hidalgo\/wp-json\/wp\/v2\/categories?post=569512"},{"taxonomy":"post_tag","embeddable":true,"href":"https:\/\/www.zunoticia.com\/noticias-de-hidalgo\/wp-json\/wp\/v2\/tags?post=569512"}],"curies":[{"name":"wp","href":"https:\/\/api.w.org\/{rel}","templated":true}]}}