{"id":569540,"date":"2024-11-01T16:59:48","date_gmt":"2024-11-01T22:59:48","guid":{"rendered":"https:\/\/www.zunoticia.com\/noticias-de-hidalgo\/?p=569540"},"modified":"2024-11-01T16:59:49","modified_gmt":"2024-11-01T22:59:49","slug":"primaria-del-centro-celebro-el-xantolo","status":"publish","type":"post","link":"https:\/\/www.zunoticia.com\/noticias-de-hidalgo\/2024\/11\/01\/primaria-del-centro-celebro-el-xantolo\/","title":{"rendered":"Primaria del Centro celebr\u00f3 el Xantolo"},"content":{"rendered":"<aside class=\"mashsb-container mashsb-main mashsb-stretched\"><div class=\"mashsb-box\"><div class=\"mashsb-count mash-large\" style=\"float:left\"><div class=\"counts mashsbcount\">0<\/div><span class=\"mashsb-sharetext\">SHARES<\/span><\/div><div class=\"mashsb-buttons\"><a class=\"mashicon-facebook mash-large mash-center mashsb-noshadow\" href=\"https:\/\/www.facebook.com\/sharer.php?u=https%3A%2F%2Fwww.zunoticia.com%2Fnoticias-de-hidalgo%2F2024%2F11%2F01%2Fprimaria-del-centro-celebro-el-xantolo%2F\" target=\"_top\" rel=\"nofollow\"><span class=\"icon\"><\/span><span class=\"text\">Share<\/span><\/a><a class=\"mashicon-twitter mash-large mash-center mashsb-noshadow\" href=\"https:\/\/twitter.com\/intent\/tweet?text=&amp;url=https:\/\/www.zunoticia.com\/noticias-de-hidalgo\/2024\/11\/01\/primaria-del-centro-celebro-el-xantolo\/\" target=\"_top\" rel=\"nofollow\"><span class=\"icon\"><\/span><span class=\"text\">Tweet<\/span><\/a><div class=\"onoffswitch2 mash-large mashsb-noshadow\" style=\"display:none\"><\/div><\/div>\n            <\/div>\n                <div style=\"clear:both\"><\/div><div class=\"mashsb-toggle-container\"><\/div><\/aside>\n            <!-- Share buttons by mashshare.net - Version: 4.0.47-->\n<p><em>Por Enedino Hern\u00e1ndez\/Zunoticia<\/em><\/p>\n\n\n\n<p><strong>Huejutla, Hgo.-<\/strong> La Escuela Primaria Ildefonso Vel\u00e1zquez Ibarra del turno vespertino, ubicada en la zona Centro de esta ciudad de Huejutla, tambi\u00e9n celebr\u00f3 oportunamente la fiesta del Xantolo.<\/p>\n\n\n\n<p>Las actividades se llevaron a cabo con la respectiva elaboraci\u00f3n de los arcos, una ofrenda, sobre todo, la presentaci\u00f3n de las cuadrillas de disfrazados en donde participaron los alumnos, maestros y los padres de familia.<\/p>\n\n\n\n<figure class=\"wp-block-image size-full\"><img fetchpriority=\"high\" decoding=\"async\" width=\"933\" height=\"524\" src=\"https:\/\/www.zunoticia.com\/noticias-de-hidalgo\/wp-content\/uploads\/2024\/11\/Zunoticia-Huejutla-1-11.png\" alt=\"\" class=\"wp-image-569543\"\/><\/figure>\n\n\n\n<p>El director de dicha instituci\u00f3n educativa, Eduardo Hern\u00e1ndez Lara, se\u00f1al\u00f3 que con estas actividades se celebran y fortalecen las tradiciones que se tienen en los pueblos de esta zona de la huasteca como es el Xantolo.<\/p>\n\n\n\n<p>Asimismo, pide a los padres de familia que en sus hogares orienten adecuadamente a sus hijos sobre la manera en la cual deben de celebrarse y conservarse la fiesta tradicional del Xantolo, con ello seguir preservando est\u00e1 tradici\u00f3n que forma parte de la herencia de nuestros antepasados.<\/p>\n\n\n\n<figure class=\"wp-block-image size-full\"><img decoding=\"async\" width=\"933\" height=\"524\" src=\"https:\/\/www.zunoticia.com\/noticias-de-hidalgo\/wp-content\/uploads\/2024\/11\/Zunoticia-Huejutla-2-7.png\" alt=\"\" class=\"wp-image-569542\"\/><\/figure>\n","protected":false},"excerpt":{"rendered":"<p>Por Enedino Hern\u00e1ndez\/Zunoticia Huejutla, Hgo.- La Escuela Primaria Ildefonso Vel\u00e1zquez Ibarra del turno vespertino, ubicada en la zona Centro de esta ciudad de Huejutla, tambi\u00e9n celebr\u00f3 oportunamente la fiesta del Xantolo. Las actividades se llevaron a cabo con la respectiva elaboraci\u00f3n de los arcos, una ofrenda, sobre todo, la presentaci\u00f3n de las cuadrillas de disfrazados&hellip; <a class=\"more-link\" href=\"https:\/\/www.zunoticia.com\/noticias-de-hidalgo\/2024\/11\/01\/primaria-del-centro-celebro-el-xantolo\/\">Seguir leyendo <span class=\"screen-reader-text\">Primaria del Centro celebr\u00f3 el Xantolo<\/span><\/a><\/p>\n","protected":false},"author":20,"featured_media":569541,"comment_status":"open","ping_status":"open","sticky":false,"template":"","format":"standard","meta":{"rop_custom_images_group":[],"rop_custom_messages_group":[],"rop_publish_now":"initial","rop_publish_now_accounts":{"facebook_10159540855086992_322828327761733":""},"rop_publish_now_history":[],"rop_publish_now_status":"pending","footnotes":""},"categories":[181],"tags":[121],"class_list":["post-569540","post","type-post","status-publish","format-standard","has-post-thumbnail","hentry","category-huejutla","tag-huejutla","entry"],"_links":{"self":[{"href":"https:\/\/www.zunoticia.com\/noticias-de-hidalgo\/wp-json\/wp\/v2\/posts\/569540","targetHints":{"allow":["GET"]}}],"collection":[{"href":"https:\/\/www.zunoticia.com\/noticias-de-hidalgo\/wp-json\/wp\/v2\/posts"}],"about":[{"href":"https:\/\/www.zunoticia.com\/noticias-de-hidalgo\/wp-json\/wp\/v2\/types\/post"}],"author":[{"embeddable":true,"href":"https:\/\/www.zunoticia.com\/noticias-de-hidalgo\/wp-json\/wp\/v2\/users\/20"}],"replies":[{"embeddable":true,"href":"https:\/\/www.zunoticia.com\/noticias-de-hidalgo\/wp-json\/wp\/v2\/comments?post=569540"}],"version-history":[{"count":1,"href":"https:\/\/www.zunoticia.com\/noticias-de-hidalgo\/wp-json\/wp\/v2\/posts\/569540\/revisions"}],"predecessor-version":[{"id":569544,"href":"https:\/\/www.zunoticia.com\/noticias-de-hidalgo\/wp-json\/wp\/v2\/posts\/569540\/revisions\/569544"}],"wp:featuredmedia":[{"embeddable":true,"href":"https:\/\/www.zunoticia.com\/noticias-de-hidalgo\/wp-json\/wp\/v2\/media\/569541"}],"wp:attachment":[{"href":"https:\/\/www.zunoticia.com\/noticias-de-hidalgo\/wp-json\/wp\/v2\/media?parent=569540"}],"wp:term":[{"taxonomy":"category","embeddable":true,"href":"https:\/\/www.zunoticia.com\/noticias-de-hidalgo\/wp-json\/wp\/v2\/categories?post=569540"},{"taxonomy":"post_tag","embeddable":true,"href":"https:\/\/www.zunoticia.com\/noticias-de-hidalgo\/wp-json\/wp\/v2\/tags?post=569540"}],"curies":[{"name":"wp","href":"https:\/\/api.w.org\/{rel}","templated":true}]}}