{"id":569554,"date":"2024-11-01T17:28:24","date_gmt":"2024-11-01T23:28:24","guid":{"rendered":"https:\/\/www.zunoticia.com\/noticias-de-hidalgo\/?p=569554"},"modified":"2024-11-01T17:31:49","modified_gmt":"2024-11-01T23:31:49","slug":"recoleccion-de-basura-solo-se-hara-viernes-y-sabado-en-la-zona-de-tianguis-comercial","status":"publish","type":"post","link":"https:\/\/www.zunoticia.com\/noticias-de-hidalgo\/2024\/11\/01\/recoleccion-de-basura-solo-se-hara-viernes-y-sabado-en-la-zona-de-tianguis-comercial\/","title":{"rendered":"Recolecci\u00f3n de basura solo se har\u00e1 viernes y s\u00e1bado en la zona de tianguis comercial."},"content":{"rendered":"<aside class=\"mashsb-container mashsb-main mashsb-stretched\"><div class=\"mashsb-box\"><div class=\"mashsb-count mash-large\" style=\"float:left\"><div class=\"counts mashsbcount\">0<\/div><span class=\"mashsb-sharetext\">SHARES<\/span><\/div><div class=\"mashsb-buttons\"><a class=\"mashicon-facebook mash-large mash-center mashsb-noshadow\" href=\"https:\/\/www.facebook.com\/sharer.php?u=https%3A%2F%2Fwww.zunoticia.com%2Fnoticias-de-hidalgo%2F2024%2F11%2F01%2Frecoleccion-de-basura-solo-se-hara-viernes-y-sabado-en-la-zona-de-tianguis-comercial%2F\" target=\"_top\" rel=\"nofollow\"><span class=\"icon\"><\/span><span class=\"text\">Share<\/span><\/a><a class=\"mashicon-twitter mash-large mash-center mashsb-noshadow\" href=\"https:\/\/twitter.com\/intent\/tweet?text=&amp;url=https:\/\/www.zunoticia.com\/noticias-de-hidalgo\/2024\/11\/01\/recoleccion-de-basura-solo-se-hara-viernes-y-sabado-en-la-zona-de-tianguis-comercial\/\" target=\"_top\" rel=\"nofollow\"><span class=\"icon\"><\/span><span class=\"text\">Tweet<\/span><\/a><div class=\"onoffswitch2 mash-large mashsb-noshadow\" style=\"display:none\"><\/div><\/div>\n            <\/div>\n                <div style=\"clear:both\"><\/div><div class=\"mashsb-toggle-container\"><\/div><\/aside>\n            <!-- Share buttons by mashshare.net - Version: 4.0.47-->\n<ul class=\"wp-block-list\">\n<li>Las actividades de limpieza ser\u00e1n reanudadas el pr\u00f3ximo lunes.<\/li>\n<\/ul>\n\n\n\n<p><em>Por Georgina Jaramillo\/Zunoticia.<\/em><\/p>\n\n\n\n<p><strong>Zacualtip\u00e1n de \u00c1ngeles, Hgo<\/strong>.- Jorge Naranjo Naranjo, director Servicios Generales dio a conocer que el viernes primero de noviembre y s\u00e1bado dos, la limpieza p\u00fablica s\u00f3lo se estar\u00e1 realizando en el espacio donde se ubica el tianguis comercial de la zona centro y la plaza principal.<\/p>\n\n\n\n<p>Hizo un exhorto a la ciudadan\u00eda en general a hacer conciencia y no tirar basura en las calles \u201cla recolecci\u00f3n que se hizo en rutas durante la semana se volver\u00e1 a hacer al terminar las rutas que tenemos en el municipio y comunidades, por lo que les pedimos su comprensi\u00f3n y paciencia porque el personal merece un descanso, porque son d\u00edas de fiesta que tambi\u00e9n debemos de considerar, porque la gente de Limpia son personas que tambi\u00e9n tienen a sus familias y fieles difuntos, necesitan descansar\u201d, mencion\u00f3.<\/p>\n\n\n\n<p>Reiter\u00f3 el llamado a la poblaci\u00f3n a no tirar basura en las calles, porque se cuenta con una gran cantidad de visitantes \u201ctenemos muchas visitas, viene gente de fuera que ha venido a los panteones\u201d, abund\u00f3.<\/p>\n\n\n\n<p>&nbsp;El funcionario municipal, pidi\u00f3 a quienes visten el pante\u00f3n que tengan mucho cuidado con sus ceras y que tampoco dejen basura tirada en todo el pante\u00f3n.<\/p>\n\n\n\n<p>En el acceso principal fueron colocados contenedores para el dep\u00f3sito de la basura y con ello, evitar una mala imagen del lugar, concluy\u00f3.<\/p>\n\n\n\n<figure class=\"wp-block-image size-full\"><img fetchpriority=\"high\" decoding=\"async\" width=\"933\" height=\"524\" src=\"https:\/\/www.zunoticia.com\/noticias-de-hidalgo\/wp-content\/uploads\/2024\/11\/Zunoticia-Huejutla-2-9.png\" alt=\"\" class=\"wp-image-569558\"\/><\/figure>\n","protected":false},"excerpt":{"rendered":"<p>Por Georgina Jaramillo\/Zunoticia. Zacualtip\u00e1n de \u00c1ngeles, Hgo.- Jorge Naranjo Naranjo, director Servicios Generales dio a conocer que el viernes primero de noviembre y s\u00e1bado dos, la limpieza p\u00fablica s\u00f3lo se estar\u00e1 realizando en el espacio donde se ubica el tianguis comercial de la zona centro y la plaza principal. Hizo un exhorto a la ciudadan\u00eda&hellip; <a class=\"more-link\" href=\"https:\/\/www.zunoticia.com\/noticias-de-hidalgo\/2024\/11\/01\/recoleccion-de-basura-solo-se-hara-viernes-y-sabado-en-la-zona-de-tianguis-comercial\/\">Seguir leyendo <span class=\"screen-reader-text\">Recolecci\u00f3n de basura solo se har\u00e1 viernes y s\u00e1bado en la zona de tianguis comercial.<\/span><\/a><\/p>\n","protected":false},"author":20,"featured_media":569555,"comment_status":"open","ping_status":"open","sticky":false,"template":"","format":"standard","meta":{"rop_custom_images_group":[],"rop_custom_messages_group":[],"rop_publish_now":"initial","rop_publish_now_accounts":{"facebook_10159540855086992_322828327761733":""},"rop_publish_now_history":[],"rop_publish_now_status":"pending","footnotes":""},"categories":[433],"tags":[436,302],"class_list":["post-569554","post","type-post","status-publish","format-standard","has-post-thumbnail","hentry","category-sierra-alta","tag-sierra-alta","tag-zacualtipan","entry"],"_links":{"self":[{"href":"https:\/\/www.zunoticia.com\/noticias-de-hidalgo\/wp-json\/wp\/v2\/posts\/569554","targetHints":{"allow":["GET"]}}],"collection":[{"href":"https:\/\/www.zunoticia.com\/noticias-de-hidalgo\/wp-json\/wp\/v2\/posts"}],"about":[{"href":"https:\/\/www.zunoticia.com\/noticias-de-hidalgo\/wp-json\/wp\/v2\/types\/post"}],"author":[{"embeddable":true,"href":"https:\/\/www.zunoticia.com\/noticias-de-hidalgo\/wp-json\/wp\/v2\/users\/20"}],"replies":[{"embeddable":true,"href":"https:\/\/www.zunoticia.com\/noticias-de-hidalgo\/wp-json\/wp\/v2\/comments?post=569554"}],"version-history":[{"count":2,"href":"https:\/\/www.zunoticia.com\/noticias-de-hidalgo\/wp-json\/wp\/v2\/posts\/569554\/revisions"}],"predecessor-version":[{"id":569559,"href":"https:\/\/www.zunoticia.com\/noticias-de-hidalgo\/wp-json\/wp\/v2\/posts\/569554\/revisions\/569559"}],"wp:featuredmedia":[{"embeddable":true,"href":"https:\/\/www.zunoticia.com\/noticias-de-hidalgo\/wp-json\/wp\/v2\/media\/569555"}],"wp:attachment":[{"href":"https:\/\/www.zunoticia.com\/noticias-de-hidalgo\/wp-json\/wp\/v2\/media?parent=569554"}],"wp:term":[{"taxonomy":"category","embeddable":true,"href":"https:\/\/www.zunoticia.com\/noticias-de-hidalgo\/wp-json\/wp\/v2\/categories?post=569554"},{"taxonomy":"post_tag","embeddable":true,"href":"https:\/\/www.zunoticia.com\/noticias-de-hidalgo\/wp-json\/wp\/v2\/tags?post=569554"}],"curies":[{"name":"wp","href":"https:\/\/api.w.org\/{rel}","templated":true}]}}