{"id":569581,"date":"2024-11-01T18:52:31","date_gmt":"2024-11-02T00:52:31","guid":{"rendered":"https:\/\/www.zunoticia.com\/noticias-de-hidalgo\/?p=569581"},"modified":"2024-11-01T18:52:32","modified_gmt":"2024-11-02T00:52:32","slug":"sebiso-destaca-con-altar-en-honor-a-la-comunidad-otomi-de-santa-ana-hueytlalpan","status":"publish","type":"post","link":"https:\/\/www.zunoticia.com\/noticias-de-hidalgo\/2024\/11\/01\/sebiso-destaca-con-altar-en-honor-a-la-comunidad-otomi-de-santa-ana-hueytlalpan\/","title":{"rendered":"Sebiso destaca con altar en honor a la comunidad otom\u00ed de Santa Ana Hueytlalpan"},"content":{"rendered":"<aside class=\"mashsb-container mashsb-main mashsb-stretched\"><div class=\"mashsb-box\"><div class=\"mashsb-count mash-large\" style=\"float:left\"><div class=\"counts mashsbcount\">0<\/div><span class=\"mashsb-sharetext\">SHARES<\/span><\/div><div class=\"mashsb-buttons\"><a class=\"mashicon-facebook mash-large mash-center mashsb-noshadow\" href=\"https:\/\/www.facebook.com\/sharer.php?u=https%3A%2F%2Fwww.zunoticia.com%2Fnoticias-de-hidalgo%2F2024%2F11%2F01%2Fsebiso-destaca-con-altar-en-honor-a-la-comunidad-otomi-de-santa-ana-hueytlalpan%2F\" target=\"_top\" rel=\"nofollow\"><span class=\"icon\"><\/span><span class=\"text\">Share<\/span><\/a><a class=\"mashicon-twitter mash-large mash-center mashsb-noshadow\" href=\"https:\/\/twitter.com\/intent\/tweet?text=&amp;url=https:\/\/www.zunoticia.com\/noticias-de-hidalgo\/2024\/11\/01\/sebiso-destaca-con-altar-en-honor-a-la-comunidad-otomi-de-santa-ana-hueytlalpan\/\" target=\"_top\" rel=\"nofollow\"><span class=\"icon\"><\/span><span class=\"text\">Tweet<\/span><\/a><div class=\"onoffswitch2 mash-large mashsb-noshadow\" style=\"display:none\"><\/div><\/div>\n            <\/div>\n                <div style=\"clear:both\"><\/div><div class=\"mashsb-toggle-container\"><\/div><\/aside>\n            <!-- Share buttons by mashshare.net - Version: 4.0.47-->\n<p><em>Por Redacci\u00f3n\/Zunoticia<\/em><\/p>\n\n\n\n<p><strong>Pachuca de Soto, Hgo<\/strong>.- La Secretar\u00eda de Bienestar e Inclusi\u00f3n Social (Sebiso) obtuvo el segundo lugar en el concurso de altares organizado por la Secretar\u00eda de Cultura del estado, al enaltecer la cultura otom\u00ed de la regi\u00f3n oriental y la representaci\u00f3n de las festividades de la comunidad de Santa Ana Hueytlalpan.<\/p>\n\n\n\n<p>La ofrenda a los muertos, colocada por personal de la Sebiso, y sus organismos descentralizados, el Instituto para la Atenci\u00f3n de las y los Adultos Mayores del Estado de Hidalgo (IAAMEH), as\u00ed como del Instituto de la Juventud (IHJ), integr\u00f3 elementos en honor a la \u00fanica comunidad ind\u00edgena del Valle de Tulancingo.<\/p>\n\n\n\n<p>Esta representaci\u00f3n contempl\u00f3 los elementos m\u00e1s importantes y representativos de la cultura otom\u00ed, retomados de una investigaci\u00f3n del Instituto Nacional de Antropolog\u00eda (INAH) y pobladores de la comunidad, quienes detallaron cinco rituales para honrar a sus difuntos.&nbsp;<\/p>\n\n\n\n<p>En el altar tambi\u00e9n se hizo un peque\u00f1o homenaje a uno de los primeros luchadores de nuestro pa\u00eds originario de la regi\u00f3n, el Cicl\u00f3n Veloz, gladiador que tuvo la oportunidad de luchar en contra del popular Enmascarado de Plata \u201cEl Santo\u201d.<\/p>\n\n\n\n<figure class=\"wp-block-image size-full\"><img fetchpriority=\"high\" decoding=\"async\" width=\"933\" height=\"524\" src=\"https:\/\/www.zunoticia.com\/noticias-de-hidalgo\/wp-content\/uploads\/2024\/11\/Zunoticia-Huejutla-2-11.png\" alt=\"\" class=\"wp-image-569584\"\/><\/figure>\n\n\n\n<p>Cabe hacer menci\u00f3n que, de las cinco celebraciones reflejadas en este altar, tres son rituales prehisp\u00e1nicos denominadas por los pueblos originarios como costumbres, mientras que dos de ellas, surgen tras el sincretismo, e integran cuestiones religiosas denominadas dentro de la cultura otom\u00ed de la regi\u00f3n oriental como \u201cTodos Santos\u201d.<\/p>\n\n\n\n<p>La Sebiso obtuvo el segundo lugar, por el respeto a la cosmovisi\u00f3n del pueblo otom\u00ed y la pertenencia cultural de la ofrenda. En el altar, fue valorada la integraci\u00f3n de elementos, as\u00ed como la investigaci\u00f3n, pero, sobre todo, que se respet\u00f3 el simbolismo y sus deidades ancestrales como Zit\u00fa y que lo ubican en el cerro del Napoteco d\u00f3nde acuden a realizar ceremonias.<\/p>\n\n\n\n<figure class=\"wp-block-image size-full\"><img decoding=\"async\" width=\"933\" height=\"524\" src=\"https:\/\/www.zunoticia.com\/noticias-de-hidalgo\/wp-content\/uploads\/2024\/11\/Zunoticia-Huejutla-1-17.png\" alt=\"\" class=\"wp-image-569583\"\/><\/figure>\n","protected":false},"excerpt":{"rendered":"<p>Por Redacci\u00f3n\/Zunoticia Pachuca de Soto, Hgo.- La Secretar\u00eda de Bienestar e Inclusi\u00f3n Social (Sebiso) obtuvo el segundo lugar en el concurso de altares organizado por la Secretar\u00eda de Cultura del estado, al enaltecer la cultura otom\u00ed de la regi\u00f3n oriental y la representaci\u00f3n de las festividades de la comunidad de Santa Ana Hueytlalpan. La ofrenda&hellip; <a class=\"more-link\" href=\"https:\/\/www.zunoticia.com\/noticias-de-hidalgo\/2024\/11\/01\/sebiso-destaca-con-altar-en-honor-a-la-comunidad-otomi-de-santa-ana-hueytlalpan\/\">Seguir leyendo <span class=\"screen-reader-text\">Sebiso destaca con altar en honor a la comunidad otom\u00ed de Santa Ana Hueytlalpan<\/span><\/a><\/p>\n","protected":false},"author":20,"featured_media":569582,"comment_status":"open","ping_status":"open","sticky":false,"template":"","format":"standard","meta":{"rop_custom_images_group":[],"rop_custom_messages_group":[],"rop_publish_now":"initial","rop_publish_now_accounts":{"facebook_10159540855086992_322828327761733":""},"rop_publish_now_history":[],"rop_publish_now_status":"pending","footnotes":""},"categories":[208],"tags":[214],"class_list":["post-569581","post","type-post","status-publish","format-standard","has-post-thumbnail","hentry","category-estado","tag-estado","entry"],"_links":{"self":[{"href":"https:\/\/www.zunoticia.com\/noticias-de-hidalgo\/wp-json\/wp\/v2\/posts\/569581","targetHints":{"allow":["GET"]}}],"collection":[{"href":"https:\/\/www.zunoticia.com\/noticias-de-hidalgo\/wp-json\/wp\/v2\/posts"}],"about":[{"href":"https:\/\/www.zunoticia.com\/noticias-de-hidalgo\/wp-json\/wp\/v2\/types\/post"}],"author":[{"embeddable":true,"href":"https:\/\/www.zunoticia.com\/noticias-de-hidalgo\/wp-json\/wp\/v2\/users\/20"}],"replies":[{"embeddable":true,"href":"https:\/\/www.zunoticia.com\/noticias-de-hidalgo\/wp-json\/wp\/v2\/comments?post=569581"}],"version-history":[{"count":1,"href":"https:\/\/www.zunoticia.com\/noticias-de-hidalgo\/wp-json\/wp\/v2\/posts\/569581\/revisions"}],"predecessor-version":[{"id":569585,"href":"https:\/\/www.zunoticia.com\/noticias-de-hidalgo\/wp-json\/wp\/v2\/posts\/569581\/revisions\/569585"}],"wp:featuredmedia":[{"embeddable":true,"href":"https:\/\/www.zunoticia.com\/noticias-de-hidalgo\/wp-json\/wp\/v2\/media\/569582"}],"wp:attachment":[{"href":"https:\/\/www.zunoticia.com\/noticias-de-hidalgo\/wp-json\/wp\/v2\/media?parent=569581"}],"wp:term":[{"taxonomy":"category","embeddable":true,"href":"https:\/\/www.zunoticia.com\/noticias-de-hidalgo\/wp-json\/wp\/v2\/categories?post=569581"},{"taxonomy":"post_tag","embeddable":true,"href":"https:\/\/www.zunoticia.com\/noticias-de-hidalgo\/wp-json\/wp\/v2\/tags?post=569581"}],"curies":[{"name":"wp","href":"https:\/\/api.w.org\/{rel}","templated":true}]}}