{"id":569586,"date":"2024-11-01T19:00:47","date_gmt":"2024-11-02T01:00:47","guid":{"rendered":"https:\/\/www.zunoticia.com\/noticias-de-hidalgo\/?p=569586"},"modified":"2024-11-01T19:00:49","modified_gmt":"2024-11-02T01:00:49","slug":"el-gobernador-de-hidalgo-disfruto-de-la-celebracion-del-mijkauilhuitl","status":"publish","type":"post","link":"https:\/\/www.zunoticia.com\/noticias-de-hidalgo\/2024\/11\/01\/el-gobernador-de-hidalgo-disfruto-de-la-celebracion-del-mijkauilhuitl\/","title":{"rendered":"El gobernador de Hidalgo disfrut\u00f3 de la celebraci\u00f3n del \u201cMijkauilhuitl\u201d"},"content":{"rendered":"<aside class=\"mashsb-container mashsb-main mashsb-stretched\"><div class=\"mashsb-box\"><div class=\"mashsb-count mash-large\" style=\"float:left\"><div class=\"counts mashsbcount\">0<\/div><span class=\"mashsb-sharetext\">SHARES<\/span><\/div><div class=\"mashsb-buttons\"><a class=\"mashicon-facebook mash-large mash-center mashsb-noshadow\" href=\"https:\/\/www.facebook.com\/sharer.php?u=https%3A%2F%2Fwww.zunoticia.com%2Fnoticias-de-hidalgo%2F2024%2F11%2F01%2Fel-gobernador-de-hidalgo-disfruto-de-la-celebracion-del-mijkauilhuitl%2F\" target=\"_top\" rel=\"nofollow\"><span class=\"icon\"><\/span><span class=\"text\">Share<\/span><\/a><a class=\"mashicon-twitter mash-large mash-center mashsb-noshadow\" href=\"https:\/\/twitter.com\/intent\/tweet?text=&amp;url=https:\/\/www.zunoticia.com\/noticias-de-hidalgo\/2024\/11\/01\/el-gobernador-de-hidalgo-disfruto-de-la-celebracion-del-mijkauilhuitl\/\" target=\"_top\" rel=\"nofollow\"><span class=\"icon\"><\/span><span class=\"text\">Tweet<\/span><\/a><div class=\"onoffswitch2 mash-large mashsb-noshadow\" style=\"display:none\"><\/div><\/div>\n            <\/div>\n                <div style=\"clear:both\"><\/div><div class=\"mashsb-toggle-container\"><\/div><\/aside>\n            <!-- Share buttons by mashshare.net - Version: 4.0.47-->\n<p><em>Por Jos\u00e9 Luis Romero Ruiz\/Zunoticia<\/em><\/p>\n\n\n\n<p><strong>Huejutla, Hgo<\/strong>.- El gobernador del estado de Hidalgo, Julio Ram\u00f3n Menchaca Salazar y su distinguida esposa Eda Vite la presidenta del DIF estatal, se dieron cita en la Huasteca hidalguense, para disfrutar de la celebraci\u00f3n del \u201cMijkauilhuitl\u201d (fiesta de los muertos).<\/p>\n\n\n\n<p>El gobernador del estado visit\u00f3 la huasteca hidalguense, y alrededor de las 11:30 horas hizo su arrib\u00f3 con su distinguida esposa, a la zona centro de esta cabecera municipal; en donde se sum\u00f3 la senadora de la Republica Simey Olvera, el diputado federal por el distrito 01 Daniel Andrade Zurutuza; la diputada local Paloma Barrag\u00e1n; entre otras personalidades.<\/p>\n\n\n\n<p>Les dio la bienvenida el presidente municipal Jos\u00e9 Alfredo San Rom\u00e1n Duval y la presidenta del DIF municipal Hilda Kristel Rodr\u00edguez Flores; y realizaron un recorrido por las chozas construidas junto al magno escenario del Xantolo; recorri\u00f3 el pasillo de las artesan\u00edas de barro de la comunidad de Chililico, Huejutla, Hidalgo.<\/p>\n\n\n\n<p>El gobernador Julio Menchaca se tomaba las fotograf\u00edas y las selfies, con la gente a su paso; logr\u00f3 saborear el pan tradicional, los tamales; y se encaminaron hac\u00eda el altar, donde realizar\u00edan las ofrendas de D\u00eda de Muertos.&nbsp;<\/p>\n\n\n\n<p>En la parte m\u00e1s alta del escenario el gobernador e invitados, realizaron la purificaci\u00f3n de las ofrendas, con el copal; para enseguida compartir con las personalidades, e invitados presentes; mientras que, las cuadrillas engalanaban la fiesta del Xantolo, Huejutla 2024.<\/p>\n\n\n\n<figure class=\"wp-block-image size-full\"><img fetchpriority=\"high\" decoding=\"async\" width=\"933\" height=\"524\" src=\"https:\/\/www.zunoticia.com\/noticias-de-hidalgo\/wp-content\/uploads\/2024\/11\/Zunoticia-Huejutla-1-18.png\" alt=\"\" class=\"wp-image-569588\"\/><\/figure>\n","protected":false},"excerpt":{"rendered":"<p>Por Jos\u00e9 Luis Romero Ruiz\/Zunoticia Huejutla, Hgo.- El gobernador del estado de Hidalgo, Julio Ram\u00f3n Menchaca Salazar y su distinguida esposa Eda Vite la presidenta del DIF estatal, se dieron cita en la Huasteca hidalguense, para disfrutar de la celebraci\u00f3n del \u201cMijkauilhuitl\u201d (fiesta de los muertos). El gobernador del estado visit\u00f3 la huasteca hidalguense, y&hellip; <a class=\"more-link\" href=\"https:\/\/www.zunoticia.com\/noticias-de-hidalgo\/2024\/11\/01\/el-gobernador-de-hidalgo-disfruto-de-la-celebracion-del-mijkauilhuitl\/\">Seguir leyendo <span class=\"screen-reader-text\">El gobernador de Hidalgo disfrut\u00f3 de la celebraci\u00f3n del \u201cMijkauilhuitl\u201d<\/span><\/a><\/p>\n","protected":false},"author":20,"featured_media":569587,"comment_status":"open","ping_status":"open","sticky":false,"template":"","format":"standard","meta":{"rop_custom_images_group":[],"rop_custom_messages_group":[],"rop_publish_now":"initial","rop_publish_now_accounts":{"facebook_10159540855086992_322828327761733":""},"rop_publish_now_history":[],"rop_publish_now_status":"pending","footnotes":""},"categories":[181],"tags":[121],"class_list":["post-569586","post","type-post","status-publish","format-standard","has-post-thumbnail","hentry","category-huejutla","tag-huejutla","entry"],"_links":{"self":[{"href":"https:\/\/www.zunoticia.com\/noticias-de-hidalgo\/wp-json\/wp\/v2\/posts\/569586","targetHints":{"allow":["GET"]}}],"collection":[{"href":"https:\/\/www.zunoticia.com\/noticias-de-hidalgo\/wp-json\/wp\/v2\/posts"}],"about":[{"href":"https:\/\/www.zunoticia.com\/noticias-de-hidalgo\/wp-json\/wp\/v2\/types\/post"}],"author":[{"embeddable":true,"href":"https:\/\/www.zunoticia.com\/noticias-de-hidalgo\/wp-json\/wp\/v2\/users\/20"}],"replies":[{"embeddable":true,"href":"https:\/\/www.zunoticia.com\/noticias-de-hidalgo\/wp-json\/wp\/v2\/comments?post=569586"}],"version-history":[{"count":1,"href":"https:\/\/www.zunoticia.com\/noticias-de-hidalgo\/wp-json\/wp\/v2\/posts\/569586\/revisions"}],"predecessor-version":[{"id":569589,"href":"https:\/\/www.zunoticia.com\/noticias-de-hidalgo\/wp-json\/wp\/v2\/posts\/569586\/revisions\/569589"}],"wp:featuredmedia":[{"embeddable":true,"href":"https:\/\/www.zunoticia.com\/noticias-de-hidalgo\/wp-json\/wp\/v2\/media\/569587"}],"wp:attachment":[{"href":"https:\/\/www.zunoticia.com\/noticias-de-hidalgo\/wp-json\/wp\/v2\/media?parent=569586"}],"wp:term":[{"taxonomy":"category","embeddable":true,"href":"https:\/\/www.zunoticia.com\/noticias-de-hidalgo\/wp-json\/wp\/v2\/categories?post=569586"},{"taxonomy":"post_tag","embeddable":true,"href":"https:\/\/www.zunoticia.com\/noticias-de-hidalgo\/wp-json\/wp\/v2\/tags?post=569586"}],"curies":[{"name":"wp","href":"https:\/\/api.w.org\/{rel}","templated":true}]}}