{"id":569597,"date":"2024-11-01T21:36:20","date_gmt":"2024-11-02T03:36:20","guid":{"rendered":"https:\/\/www.zunoticia.com\/noticias-de-hidalgo\/?p=569597"},"modified":"2024-11-01T21:36:22","modified_gmt":"2024-11-02T03:36:22","slug":"daniel-andrade-vive-el-xantolo-junto-al-gobernador-en-huejutla","status":"publish","type":"post","link":"https:\/\/www.zunoticia.com\/noticias-de-hidalgo\/2024\/11\/01\/daniel-andrade-vive-el-xantolo-junto-al-gobernador-en-huejutla\/","title":{"rendered":"Daniel Andrade vive el Xantolo junto al gobernador en Huejutla"},"content":{"rendered":"<aside class=\"mashsb-container mashsb-main mashsb-stretched\"><div class=\"mashsb-box\"><div class=\"mashsb-count mash-large\" style=\"float:left\"><div class=\"counts mashsbcount\">0<\/div><span class=\"mashsb-sharetext\">SHARES<\/span><\/div><div class=\"mashsb-buttons\"><a class=\"mashicon-facebook mash-large mash-center mashsb-noshadow\" href=\"https:\/\/www.facebook.com\/sharer.php?u=https%3A%2F%2Fwww.zunoticia.com%2Fnoticias-de-hidalgo%2F2024%2F11%2F01%2Fdaniel-andrade-vive-el-xantolo-junto-al-gobernador-en-huejutla%2F\" target=\"_top\" rel=\"nofollow\"><span class=\"icon\"><\/span><span class=\"text\">Share<\/span><\/a><a class=\"mashicon-twitter mash-large mash-center mashsb-noshadow\" href=\"https:\/\/twitter.com\/intent\/tweet?text=&amp;url=https:\/\/www.zunoticia.com\/noticias-de-hidalgo\/2024\/11\/01\/daniel-andrade-vive-el-xantolo-junto-al-gobernador-en-huejutla\/\" target=\"_top\" rel=\"nofollow\"><span class=\"icon\"><\/span><span class=\"text\">Tweet<\/span><\/a><div class=\"onoffswitch2 mash-large mashsb-noshadow\" style=\"display:none\"><\/div><\/div>\n            <\/div>\n                <div style=\"clear:both\"><\/div><div class=\"mashsb-toggle-container\"><\/div><\/aside>\n            <!-- Share buttons by mashshare.net - Version: 4.0.47-->\n<ul class=\"wp-block-list\">\n<li>Adem\u00e1s, el Diputado Federal acompa\u00f1\u00f3 al Gobernador de Hidalgo da la inauguraci\u00f3n de la Intervenci\u00f3n Gr\u00e1fica Municipal en el Centro Regional Cultural de la Huasteca Hidalguense &#8220;Nicandro Castillo G\u00f3mez&#8221;.<\/li>\n<\/ul>\n\n\n\n<p><em>Por Redacci\u00f3n\/Zunoticia<\/em><\/p>\n\n\n\n<p><strong>Huejutla, Hgo.-<\/strong> Daniel Andrade Zurutuza, Diputado Federal por el Distrito 01, acompa\u00f1\u00f3 al Gobernador de Hidalgo durante su visita a Huejutla, donde el mandatario inaugur\u00f3 la Intervenci\u00f3n Gr\u00e1fica Municipal en el Centro Regional Cultural de la Huasteca Hidalguense &#8220;Nicandro Castillo G\u00f3mez&#8221;. En el evento participaron tambi\u00e9n las titulares de la Secretar\u00eda de Turismo y Cultura e invitados especiales, quienes respaldaron esta iniciativa estatal para acercar el arte hidalguense a las distintas regiones.<\/p>\n\n\n\n<p>Esta Intervenci\u00f3n Gr\u00e1fica, que inici\u00f3 en el edificio del Gobierno del Estado de Hidalgo, refleja el esfuerzo por ofrecer espacios a artistas locales y enriquecer la oferta cultural en la regi\u00f3n Huasteca.<\/p>\n\n\n\n<p>Durante la jornada, el Gobernador, acompa\u00f1ado de su esposa Edda Vite, el Presidente Municipal Jos\u00e9 Alfredo San Rom\u00e1n Duval y su esposa Kristel Rodr\u00edguez, recorri\u00f3 la zona Centro de Huejutla, visitando el Centro Ceremonial en el parque municipal. All\u00ed salud\u00f3 a artesanos locales, degust\u00f3 platillos t\u00edpicos de la gastronom\u00eda huasteca y particip\u00f3 en una emotiva ofrenda dedicada a los fieles difuntos.<\/p>\n\n\n\n<figure class=\"wp-block-image size-full\"><img fetchpriority=\"high\" decoding=\"async\" width=\"1200\" height=\"800\" src=\"https:\/\/www.zunoticia.com\/noticias-de-hidalgo\/wp-content\/uploads\/2024\/11\/Daniel-2.jpeg\" alt=\"\" class=\"wp-image-569599\"\/><\/figure>\n\n\n\n<p>\u201cEl cari\u00f1o del Gobernador por Huejutla se hace patente en cada visita. Este es un ejemplo del fuerte impulso que desde la administraci\u00f3n estatal se da a nuestra mayor expresi\u00f3n cultural: el Xantolo\u201d, se\u00f1al\u00f3 Daniel Andrade Zurutuza. Adem\u00e1s, el Diputado Federal invit\u00f3 a quienes a\u00fan no conocen esta festividad ancestral a visitar Huejutla y disfrutar de las actividades programadas en honor a los fieles difuntos.<\/p>\n\n\n\n<p>Con estas acciones, el Gobierno Estatal reitera su inter\u00e9s en proyectar a Huejutla como una potencia tur\u00edstica, aspecto en el que Daniel Andrade se ha mostrado plenamente dispuesto a fin de colaborar en la promoci\u00f3n de este bonito festejo e impulsar el crecimiento cultural y econ\u00f3mico de la zona norte del estado.<\/p>\n","protected":false},"excerpt":{"rendered":"<p>Por Redacci\u00f3n\/Zunoticia Huejutla, Hgo.- Daniel Andrade Zurutuza, Diputado Federal por el Distrito 01, acompa\u00f1\u00f3 al Gobernador de Hidalgo durante su visita a Huejutla, donde el mandatario inaugur\u00f3 la Intervenci\u00f3n Gr\u00e1fica Municipal en el Centro Regional Cultural de la Huasteca Hidalguense &#8220;Nicandro Castillo G\u00f3mez&#8221;. En el evento participaron tambi\u00e9n las titulares de la Secretar\u00eda de Turismo&hellip; <a class=\"more-link\" href=\"https:\/\/www.zunoticia.com\/noticias-de-hidalgo\/2024\/11\/01\/daniel-andrade-vive-el-xantolo-junto-al-gobernador-en-huejutla\/\">Seguir leyendo <span class=\"screen-reader-text\">Daniel Andrade vive el Xantolo junto al gobernador en Huejutla<\/span><\/a><\/p>\n","protected":false},"author":23,"featured_media":569598,"comment_status":"open","ping_status":"open","sticky":false,"template":"","format":"standard","meta":{"rop_custom_images_group":[],"rop_custom_messages_group":[],"rop_publish_now":"initial","rop_publish_now_accounts":{"facebook_10159540855086992_322828327761733":""},"rop_publish_now_history":[],"rop_publish_now_status":"pending","footnotes":""},"categories":[181],"tags":[121],"class_list":["post-569597","post","type-post","status-publish","format-standard","has-post-thumbnail","hentry","category-huejutla","tag-huejutla","entry"],"_links":{"self":[{"href":"https:\/\/www.zunoticia.com\/noticias-de-hidalgo\/wp-json\/wp\/v2\/posts\/569597","targetHints":{"allow":["GET"]}}],"collection":[{"href":"https:\/\/www.zunoticia.com\/noticias-de-hidalgo\/wp-json\/wp\/v2\/posts"}],"about":[{"href":"https:\/\/www.zunoticia.com\/noticias-de-hidalgo\/wp-json\/wp\/v2\/types\/post"}],"author":[{"embeddable":true,"href":"https:\/\/www.zunoticia.com\/noticias-de-hidalgo\/wp-json\/wp\/v2\/users\/23"}],"replies":[{"embeddable":true,"href":"https:\/\/www.zunoticia.com\/noticias-de-hidalgo\/wp-json\/wp\/v2\/comments?post=569597"}],"version-history":[{"count":1,"href":"https:\/\/www.zunoticia.com\/noticias-de-hidalgo\/wp-json\/wp\/v2\/posts\/569597\/revisions"}],"predecessor-version":[{"id":569600,"href":"https:\/\/www.zunoticia.com\/noticias-de-hidalgo\/wp-json\/wp\/v2\/posts\/569597\/revisions\/569600"}],"wp:featuredmedia":[{"embeddable":true,"href":"https:\/\/www.zunoticia.com\/noticias-de-hidalgo\/wp-json\/wp\/v2\/media\/569598"}],"wp:attachment":[{"href":"https:\/\/www.zunoticia.com\/noticias-de-hidalgo\/wp-json\/wp\/v2\/media?parent=569597"}],"wp:term":[{"taxonomy":"category","embeddable":true,"href":"https:\/\/www.zunoticia.com\/noticias-de-hidalgo\/wp-json\/wp\/v2\/categories?post=569597"},{"taxonomy":"post_tag","embeddable":true,"href":"https:\/\/www.zunoticia.com\/noticias-de-hidalgo\/wp-json\/wp\/v2\/tags?post=569597"}],"curies":[{"name":"wp","href":"https:\/\/api.w.org\/{rel}","templated":true}]}}