{"id":570237,"date":"2024-11-07T12:28:12","date_gmt":"2024-11-07T18:28:12","guid":{"rendered":"https:\/\/www.zunoticia.com\/noticias-de-hidalgo\/?p=570237"},"modified":"2024-11-07T12:28:14","modified_gmt":"2024-11-07T18:28:14","slug":"exceso-de-trafico-se-tuvo-por-calles-de-huejutla-taxista","status":"publish","type":"post","link":"https:\/\/www.zunoticia.com\/noticias-de-hidalgo\/2024\/11\/07\/exceso-de-trafico-se-tuvo-por-calles-de-huejutla-taxista\/","title":{"rendered":"Exceso de tr\u00e1fico se tuvo por calles de Huejutla: Taxista"},"content":{"rendered":"<aside class=\"mashsb-container mashsb-main mashsb-stretched\"><div class=\"mashsb-box\"><div class=\"mashsb-count mash-large\" style=\"float:left\"><div class=\"counts mashsbcount\">0<\/div><span class=\"mashsb-sharetext\">SHARES<\/span><\/div><div class=\"mashsb-buttons\"><a class=\"mashicon-facebook mash-large mash-center mashsb-noshadow\" href=\"https:\/\/www.facebook.com\/sharer.php?u=https%3A%2F%2Fwww.zunoticia.com%2Fnoticias-de-hidalgo%2F2024%2F11%2F07%2Fexceso-de-trafico-se-tuvo-por-calles-de-huejutla-taxista%2F\" target=\"_top\" rel=\"nofollow\"><span class=\"icon\"><\/span><span class=\"text\">Share<\/span><\/a><a class=\"mashicon-twitter mash-large mash-center mashsb-noshadow\" href=\"https:\/\/twitter.com\/intent\/tweet?text=&amp;url=https:\/\/www.zunoticia.com\/noticias-de-hidalgo\/2024\/11\/07\/exceso-de-trafico-se-tuvo-por-calles-de-huejutla-taxista\/\" target=\"_top\" rel=\"nofollow\"><span class=\"icon\"><\/span><span class=\"text\">Tweet<\/span><\/a><div class=\"onoffswitch2 mash-large mashsb-noshadow\" style=\"display:none\"><\/div><\/div>\n            <\/div>\n                <div style=\"clear:both\"><\/div><div class=\"mashsb-toggle-container\"><\/div><\/aside>\n            <!-- Share buttons by mashshare.net - Version: 4.0.47-->\n<p><em>Por Enedino Hern\u00e1ndez\/Zunoticia<\/em><\/p>\n\n\n\n<p><strong>Huejutla, Hgo.-<\/strong> \u201cLa carretera federal y las calles que conducen a la zona centro de Huejutla, se mantuvieron con un gran exceso de tr\u00e1fico vehicular durante los d\u00edas de la celebraci\u00f3n del Xantolo\u201d, se\u00f1al\u00f3 el taxista huejutlense, Ponciano Hern\u00e1ndez Olvera.<\/p>\n\n\n\n<p>Explic\u00f3 que, uno de los motivos por los cuales se pudo observar este intenso o exceso de tr\u00e1fico vehicular, se debe a que hace falta mayor capacitaci\u00f3n a los elementos de Tr\u00e1nsito, para que se pudiera regular la esta situaci\u00f3n que se torna complicada.<\/p>\n\n\n\n<p>Abund\u00f3 que, se requiere que con puntualidad se integre un plan de trabajo para poder afrontar este tipo de situaciones, que generalmente se presentan en las temporadas del Xantolo y vendr\u00e1n tambi\u00e9n en breve las festividades decembrinas.<\/p>\n\n\n\n<p>Subray\u00f3 la importancia de hacer un plan de trabajo y adem\u00e1s, colocar las se\u00f1al\u00e9ticas que sean necesarias para orientar a los peatones como a los automovilistas al momento de cruzar una calle.<\/p>\n\n\n\n<p>Ponciano Hern\u00e1ndez Olvera, cit\u00f3 como ejemplo que en Huejutla muchos ch\u00f3feres del transporte p\u00fablico y del servicio particular no respetan el 1&#215;1, por ello, se debe elaborar un plan de trabajo para ver todo este tipo de situaciones que complican el tr\u00e1fico por las calles de la ciudad.<\/p>\n\n\n\n<p>Sugiere orientar tambi\u00e9n a los peatones, pues muchos a la altura de los sem\u00e1foros se cruzan, aunque no est\u00e9 en verde, situaci\u00f3n que los pone en riesgo a ellos, como a los propios automovilistas.<\/p>\n\n\n\n<p>Concluy\u00f3 que, ya pas\u00f3 la temporada del Xantolo en donde por espacio de una semana estuvieron pr\u00e1cticamente tapadas las calles del centro de Huejutla, pero ya viene el mes de diciembre, en donde se anticipa que se tendr\u00e1 nuevamente la misma situaci\u00f3n por lo menos tres semanas; por ello, es necesario que Tr\u00e1nsito vea estas situaciones, para que no se complique el tr\u00e1fico vehicular nuevamente.<\/p>\n","protected":false},"excerpt":{"rendered":"<p>Por Enedino Hern\u00e1ndez\/Zunoticia Huejutla, Hgo.- \u201cLa carretera federal y las calles que conducen a la zona centro de Huejutla, se mantuvieron con un gran exceso de tr\u00e1fico vehicular durante los d\u00edas de la celebraci\u00f3n del Xantolo\u201d, se\u00f1al\u00f3 el taxista huejutlense, Ponciano Hern\u00e1ndez Olvera. Explic\u00f3 que, uno de los motivos por los cuales se pudo observar&hellip; <a class=\"more-link\" href=\"https:\/\/www.zunoticia.com\/noticias-de-hidalgo\/2024\/11\/07\/exceso-de-trafico-se-tuvo-por-calles-de-huejutla-taxista\/\">Seguir leyendo <span class=\"screen-reader-text\">Exceso de tr\u00e1fico se tuvo por calles de Huejutla: Taxista<\/span><\/a><\/p>\n","protected":false},"author":20,"featured_media":570238,"comment_status":"open","ping_status":"open","sticky":false,"template":"","format":"standard","meta":{"rop_custom_images_group":[],"rop_custom_messages_group":[],"rop_publish_now":"initial","rop_publish_now_accounts":{"facebook_10159540855086992_322828327761733":""},"rop_publish_now_history":[],"rop_publish_now_status":"pending","footnotes":""},"categories":[181],"tags":[121],"class_list":["post-570237","post","type-post","status-publish","format-standard","has-post-thumbnail","hentry","category-huejutla","tag-huejutla","entry"],"_links":{"self":[{"href":"https:\/\/www.zunoticia.com\/noticias-de-hidalgo\/wp-json\/wp\/v2\/posts\/570237","targetHints":{"allow":["GET"]}}],"collection":[{"href":"https:\/\/www.zunoticia.com\/noticias-de-hidalgo\/wp-json\/wp\/v2\/posts"}],"about":[{"href":"https:\/\/www.zunoticia.com\/noticias-de-hidalgo\/wp-json\/wp\/v2\/types\/post"}],"author":[{"embeddable":true,"href":"https:\/\/www.zunoticia.com\/noticias-de-hidalgo\/wp-json\/wp\/v2\/users\/20"}],"replies":[{"embeddable":true,"href":"https:\/\/www.zunoticia.com\/noticias-de-hidalgo\/wp-json\/wp\/v2\/comments?post=570237"}],"version-history":[{"count":1,"href":"https:\/\/www.zunoticia.com\/noticias-de-hidalgo\/wp-json\/wp\/v2\/posts\/570237\/revisions"}],"predecessor-version":[{"id":570239,"href":"https:\/\/www.zunoticia.com\/noticias-de-hidalgo\/wp-json\/wp\/v2\/posts\/570237\/revisions\/570239"}],"wp:featuredmedia":[{"embeddable":true,"href":"https:\/\/www.zunoticia.com\/noticias-de-hidalgo\/wp-json\/wp\/v2\/media\/570238"}],"wp:attachment":[{"href":"https:\/\/www.zunoticia.com\/noticias-de-hidalgo\/wp-json\/wp\/v2\/media?parent=570237"}],"wp:term":[{"taxonomy":"category","embeddable":true,"href":"https:\/\/www.zunoticia.com\/noticias-de-hidalgo\/wp-json\/wp\/v2\/categories?post=570237"},{"taxonomy":"post_tag","embeddable":true,"href":"https:\/\/www.zunoticia.com\/noticias-de-hidalgo\/wp-json\/wp\/v2\/tags?post=570237"}],"curies":[{"name":"wp","href":"https:\/\/api.w.org\/{rel}","templated":true}]}}