{"id":570240,"date":"2024-11-07T12:34:24","date_gmt":"2024-11-07T18:34:24","guid":{"rendered":"https:\/\/www.zunoticia.com\/noticias-de-hidalgo\/?p=570240"},"modified":"2024-11-07T12:34:26","modified_gmt":"2024-11-07T18:34:26","slug":"detuvieron-mujer-en-filtro-policiaco","status":"publish","type":"post","link":"https:\/\/www.zunoticia.com\/noticias-de-hidalgo\/2024\/11\/07\/detuvieron-mujer-en-filtro-policiaco\/","title":{"rendered":"Detuvieron mujer en filtro policiaco"},"content":{"rendered":"<aside class=\"mashsb-container mashsb-main mashsb-stretched\"><div class=\"mashsb-box\"><div class=\"mashsb-count mash-large\" style=\"float:left\"><div class=\"counts mashsbcount\">0<\/div><span class=\"mashsb-sharetext\">SHARES<\/span><\/div><div class=\"mashsb-buttons\"><a class=\"mashicon-facebook mash-large mash-center mashsb-noshadow\" href=\"https:\/\/www.facebook.com\/sharer.php?u=https%3A%2F%2Fwww.zunoticia.com%2Fnoticias-de-hidalgo%2F2024%2F11%2F07%2Fdetuvieron-mujer-en-filtro-policiaco%2F\" target=\"_top\" rel=\"nofollow\"><span class=\"icon\"><\/span><span class=\"text\">Share<\/span><\/a><a class=\"mashicon-twitter mash-large mash-center mashsb-noshadow\" href=\"https:\/\/twitter.com\/intent\/tweet?text=&amp;url=https:\/\/www.zunoticia.com\/noticias-de-hidalgo\/2024\/11\/07\/detuvieron-mujer-en-filtro-policiaco\/\" target=\"_top\" rel=\"nofollow\"><span class=\"icon\"><\/span><span class=\"text\">Tweet<\/span><\/a><div class=\"onoffswitch2 mash-large mashsb-noshadow\" style=\"display:none\"><\/div><\/div>\n            <\/div>\n                <div style=\"clear:both\"><\/div><div class=\"mashsb-toggle-container\"><\/div><\/aside>\n            <!-- Share buttons by mashshare.net - Version: 4.0.47-->\n<p><em>Por Roberto Ram\u00edrez \/Zunoticia<\/em><\/p>\n\n\n\n<p><strong>Huejutla, Hgo.<\/strong> &#8211; La noche del mi\u00e9rcoles detuvieron a una mujer en un filtro policiaco, que se instal\u00f3 sobre la v\u00eda estatal Huejutla-Chalahuiyapa, esto por no portar parte de su implemento de seguridad personal como lo establece Tr\u00e1nsito Municipal.<\/p>\n\n\n\n<p>Luego de hacerle el alto y detectar que no llevaba su casco protector, fue requerida por la Polic\u00eda Municipal, en donde se le leyeron sus derechos; la mujer fue llevada a las oficinas de la Secretar\u00eda de Seguridad P\u00fablica Municipal como corresponde a este tipo de hechos.<\/p>\n\n\n\n<p>La motocicleta tambi\u00e9n fue resguarda por la Polic\u00eda Municipal. Oficiales de esa corporaci\u00f3n polic\u00edaca mencionaron que, se actu\u00f3 conforme a lo que corresponde al Bando de Polic\u00eda y Buen gobierno, ya que el casco es parte importante para el motociclista en caso de accidentes.<\/p>\n\n\n\n<figure class=\"wp-block-gallery has-nested-images columns-default is-cropped wp-block-gallery-1 is-layout-flex wp-block-gallery-is-layout-flex\">\n<figure class=\"wp-block-image size-large\"><img fetchpriority=\"high\" decoding=\"async\" width=\"828\" height=\"915\" data-id=\"570242\" src=\"https:\/\/www.zunoticia.com\/noticias-de-hidalgo\/wp-content\/uploads\/2024\/11\/WhatsApp-Image-2024-11-07-at-12.17.26-1.jpeg\" alt=\"\" class=\"wp-image-570242\"\/><\/figure>\n\n\n\n<figure class=\"wp-block-image size-large\"><img decoding=\"async\" width=\"828\" height=\"979\" data-id=\"570243\" src=\"https:\/\/www.zunoticia.com\/noticias-de-hidalgo\/wp-content\/uploads\/2024\/11\/WhatsApp-Image-2024-11-07-at-12.17.26.jpeg\" alt=\"\" class=\"wp-image-570243\"\/><\/figure>\n<\/figure>\n","protected":false},"excerpt":{"rendered":"<p>Por Roberto Ram\u00edrez \/Zunoticia Huejutla, Hgo. &#8211; La noche del mi\u00e9rcoles detuvieron a una mujer en un filtro policiaco, que se instal\u00f3 sobre la v\u00eda estatal Huejutla-Chalahuiyapa, esto por no portar parte de su implemento de seguridad personal como lo establece Tr\u00e1nsito Municipal. Luego de hacerle el alto y detectar que no llevaba su casco&hellip; <a class=\"more-link\" href=\"https:\/\/www.zunoticia.com\/noticias-de-hidalgo\/2024\/11\/07\/detuvieron-mujer-en-filtro-policiaco\/\">Seguir leyendo <span class=\"screen-reader-text\">Detuvieron mujer en filtro policiaco<\/span><\/a><\/p>\n","protected":false},"author":20,"featured_media":570241,"comment_status":"open","ping_status":"open","sticky":false,"template":"","format":"standard","meta":{"rop_custom_images_group":[],"rop_custom_messages_group":[],"rop_publish_now":"initial","rop_publish_now_accounts":{"facebook_10159540855086992_322828327761733":""},"rop_publish_now_history":[],"rop_publish_now_status":"pending","footnotes":""},"categories":[178],"tags":[259],"class_list":["post-570240","post","type-post","status-publish","format-standard","has-post-thumbnail","hentry","category-policiaca","tag-policiaca","entry"],"_links":{"self":[{"href":"https:\/\/www.zunoticia.com\/noticias-de-hidalgo\/wp-json\/wp\/v2\/posts\/570240","targetHints":{"allow":["GET"]}}],"collection":[{"href":"https:\/\/www.zunoticia.com\/noticias-de-hidalgo\/wp-json\/wp\/v2\/posts"}],"about":[{"href":"https:\/\/www.zunoticia.com\/noticias-de-hidalgo\/wp-json\/wp\/v2\/types\/post"}],"author":[{"embeddable":true,"href":"https:\/\/www.zunoticia.com\/noticias-de-hidalgo\/wp-json\/wp\/v2\/users\/20"}],"replies":[{"embeddable":true,"href":"https:\/\/www.zunoticia.com\/noticias-de-hidalgo\/wp-json\/wp\/v2\/comments?post=570240"}],"version-history":[{"count":1,"href":"https:\/\/www.zunoticia.com\/noticias-de-hidalgo\/wp-json\/wp\/v2\/posts\/570240\/revisions"}],"predecessor-version":[{"id":570244,"href":"https:\/\/www.zunoticia.com\/noticias-de-hidalgo\/wp-json\/wp\/v2\/posts\/570240\/revisions\/570244"}],"wp:featuredmedia":[{"embeddable":true,"href":"https:\/\/www.zunoticia.com\/noticias-de-hidalgo\/wp-json\/wp\/v2\/media\/570241"}],"wp:attachment":[{"href":"https:\/\/www.zunoticia.com\/noticias-de-hidalgo\/wp-json\/wp\/v2\/media?parent=570240"}],"wp:term":[{"taxonomy":"category","embeddable":true,"href":"https:\/\/www.zunoticia.com\/noticias-de-hidalgo\/wp-json\/wp\/v2\/categories?post=570240"},{"taxonomy":"post_tag","embeddable":true,"href":"https:\/\/www.zunoticia.com\/noticias-de-hidalgo\/wp-json\/wp\/v2\/tags?post=570240"}],"curies":[{"name":"wp","href":"https:\/\/api.w.org\/{rel}","templated":true}]}}