{"id":570255,"date":"2024-11-07T14:43:14","date_gmt":"2024-11-07T20:43:14","guid":{"rendered":"https:\/\/www.zunoticia.com\/noticias-de-hidalgo\/?p=570255"},"modified":"2024-11-07T14:43:16","modified_gmt":"2024-11-07T20:43:16","slug":"realizan-jornada-oftalmologica-3","status":"publish","type":"post","link":"https:\/\/www.zunoticia.com\/noticias-de-hidalgo\/2024\/11\/07\/realizan-jornada-oftalmologica-3\/","title":{"rendered":"Realizan Jornada Oftalmol\u00f3gica"},"content":{"rendered":"<aside class=\"mashsb-container mashsb-main mashsb-stretched\"><div class=\"mashsb-box\"><div class=\"mashsb-count mash-large\" style=\"float:left\"><div class=\"counts mashsbcount\">0<\/div><span class=\"mashsb-sharetext\">SHARES<\/span><\/div><div class=\"mashsb-buttons\"><a class=\"mashicon-facebook mash-large mash-center mashsb-noshadow\" href=\"https:\/\/www.facebook.com\/sharer.php?u=https%3A%2F%2Fwww.zunoticia.com%2Fnoticias-de-hidalgo%2F2024%2F11%2F07%2Frealizan-jornada-oftalmologica-3%2F\" target=\"_top\" rel=\"nofollow\"><span class=\"icon\"><\/span><span class=\"text\">Share<\/span><\/a><a class=\"mashicon-twitter mash-large mash-center mashsb-noshadow\" href=\"https:\/\/twitter.com\/intent\/tweet?text=&amp;url=https:\/\/www.zunoticia.com\/noticias-de-hidalgo\/2024\/11\/07\/realizan-jornada-oftalmologica-3\/\" target=\"_top\" rel=\"nofollow\"><span class=\"icon\"><\/span><span class=\"text\">Tweet<\/span><\/a><div class=\"onoffswitch2 mash-large mashsb-noshadow\" style=\"display:none\"><\/div><\/div>\n            <\/div>\n                <div style=\"clear:both\"><\/div><div class=\"mashsb-toggle-container\"><\/div><\/aside>\n            <!-- Share buttons by mashshare.net - Version: 4.0.47-->\n<p>Por Enedino Hern\u00e1ndez\/Zunoticia<\/p>\n\n\n\n<p><strong>Huejutla, Hgo.-<\/strong> Durante los d\u00edas 7 y 8 de noviembre se lleva a cabo una Jornada Oftalmol\u00f3gica, en la poblaci\u00f3n de Santa Cruz de este municipio de Huejutla.<\/p>\n\n\n\n<p>La Jornada Oftalmol\u00f3gica San Vicente de Pa\u00fal se aplica en esta ocasi\u00f3n los d\u00edas 7 y 8 de noviembre, en la Parroquia de Santa Cruz.<\/p>\n\n\n\n<p>Es importante se\u00f1alar que, est\u00e1 actividad es organizada por el Padre Vicente Cort\u00e9s Teresa, junto a la generosidad del Dr. Miguel \u00c1ngel Carvajal y los doctores Oftalm\u00f3logos de la Cl\u00ednica San \u00c1ngel Oftalmolog\u00eda de Guadalajara, Jalisco.<\/p>\n\n\n\n<p>El Padre Vicente Cort\u00e9s, confirm\u00f3 que, este 7 de noviembre se atender\u00eda a las personas que acuden por primera vez y para el 8 de noviembre se proceder\u00e1 a la revisi\u00f3n de quienes ya han sido operadas.<\/p>\n\n\n\n<p>Finalmente se destac\u00f3 que ,est\u00e1 Jornada Oftalmol\u00f3gica se realiza de manera peri\u00f3dica a favor de las personas que necesitan esta atenci\u00f3n m\u00e9dica.<\/p>\n","protected":false},"excerpt":{"rendered":"<p>Por Enedino Hern\u00e1ndez\/Zunoticia Huejutla, Hgo.- Durante los d\u00edas 7 y 8 de noviembre se lleva a cabo una Jornada Oftalmol\u00f3gica, en la poblaci\u00f3n de Santa Cruz de este municipio de Huejutla. La Jornada Oftalmol\u00f3gica San Vicente de Pa\u00fal se aplica en esta ocasi\u00f3n los d\u00edas 7 y 8 de noviembre, en la Parroquia de Santa&hellip; <a class=\"more-link\" href=\"https:\/\/www.zunoticia.com\/noticias-de-hidalgo\/2024\/11\/07\/realizan-jornada-oftalmologica-3\/\">Seguir leyendo <span class=\"screen-reader-text\">Realizan Jornada Oftalmol\u00f3gica<\/span><\/a><\/p>\n","protected":false},"author":20,"featured_media":570256,"comment_status":"open","ping_status":"open","sticky":false,"template":"","format":"standard","meta":{"rop_custom_images_group":[],"rop_custom_messages_group":[],"rop_publish_now":"initial","rop_publish_now_accounts":{"facebook_10159540855086992_322828327761733":""},"rop_publish_now_history":[],"rop_publish_now_status":"pending","footnotes":""},"categories":[181],"tags":[121],"class_list":["post-570255","post","type-post","status-publish","format-standard","has-post-thumbnail","hentry","category-huejutla","tag-huejutla","entry"],"_links":{"self":[{"href":"https:\/\/www.zunoticia.com\/noticias-de-hidalgo\/wp-json\/wp\/v2\/posts\/570255","targetHints":{"allow":["GET"]}}],"collection":[{"href":"https:\/\/www.zunoticia.com\/noticias-de-hidalgo\/wp-json\/wp\/v2\/posts"}],"about":[{"href":"https:\/\/www.zunoticia.com\/noticias-de-hidalgo\/wp-json\/wp\/v2\/types\/post"}],"author":[{"embeddable":true,"href":"https:\/\/www.zunoticia.com\/noticias-de-hidalgo\/wp-json\/wp\/v2\/users\/20"}],"replies":[{"embeddable":true,"href":"https:\/\/www.zunoticia.com\/noticias-de-hidalgo\/wp-json\/wp\/v2\/comments?post=570255"}],"version-history":[{"count":1,"href":"https:\/\/www.zunoticia.com\/noticias-de-hidalgo\/wp-json\/wp\/v2\/posts\/570255\/revisions"}],"predecessor-version":[{"id":570257,"href":"https:\/\/www.zunoticia.com\/noticias-de-hidalgo\/wp-json\/wp\/v2\/posts\/570255\/revisions\/570257"}],"wp:featuredmedia":[{"embeddable":true,"href":"https:\/\/www.zunoticia.com\/noticias-de-hidalgo\/wp-json\/wp\/v2\/media\/570256"}],"wp:attachment":[{"href":"https:\/\/www.zunoticia.com\/noticias-de-hidalgo\/wp-json\/wp\/v2\/media?parent=570255"}],"wp:term":[{"taxonomy":"category","embeddable":true,"href":"https:\/\/www.zunoticia.com\/noticias-de-hidalgo\/wp-json\/wp\/v2\/categories?post=570255"},{"taxonomy":"post_tag","embeddable":true,"href":"https:\/\/www.zunoticia.com\/noticias-de-hidalgo\/wp-json\/wp\/v2\/tags?post=570255"}],"curies":[{"name":"wp","href":"https:\/\/api.w.org\/{rel}","templated":true}]}}