{"id":570268,"date":"2024-11-07T15:12:43","date_gmt":"2024-11-07T21:12:43","guid":{"rendered":"https:\/\/www.zunoticia.com\/noticias-de-hidalgo\/?p=570268"},"modified":"2024-11-07T15:12:44","modified_gmt":"2024-11-07T21:12:44","slug":"encuentro-entre-la-presidencia-municipal-y-el-sector-educativo-en-san-agustin-metzquititlan","status":"publish","type":"post","link":"https:\/\/www.zunoticia.com\/noticias-de-hidalgo\/2024\/11\/07\/encuentro-entre-la-presidencia-municipal-y-el-sector-educativo-en-san-agustin-metzquititlan\/","title":{"rendered":"Encuentro entre la presidencia municipal y el sector educativo en San Agust\u00edn Metzquititl\u00e1n"},"content":{"rendered":"<aside class=\"mashsb-container mashsb-main mashsb-stretched\"><div class=\"mashsb-box\"><div class=\"mashsb-count mash-large\" style=\"float:left\"><div class=\"counts mashsbcount\">0<\/div><span class=\"mashsb-sharetext\">SHARES<\/span><\/div><div class=\"mashsb-buttons\"><a class=\"mashicon-facebook mash-large mash-center mashsb-noshadow\" href=\"https:\/\/www.facebook.com\/sharer.php?u=https%3A%2F%2Fwww.zunoticia.com%2Fnoticias-de-hidalgo%2F2024%2F11%2F07%2Fencuentro-entre-la-presidencia-municipal-y-el-sector-educativo-en-san-agustin-metzquititlan%2F\" target=\"_top\" rel=\"nofollow\"><span class=\"icon\"><\/span><span class=\"text\">Share<\/span><\/a><a class=\"mashicon-twitter mash-large mash-center mashsb-noshadow\" href=\"https:\/\/twitter.com\/intent\/tweet?text=&amp;url=https:\/\/www.zunoticia.com\/noticias-de-hidalgo\/2024\/11\/07\/encuentro-entre-la-presidencia-municipal-y-el-sector-educativo-en-san-agustin-metzquititlan\/\" target=\"_top\" rel=\"nofollow\"><span class=\"icon\"><\/span><span class=\"text\">Tweet<\/span><\/a><div class=\"onoffswitch2 mash-large mashsb-noshadow\" style=\"display:none\"><\/div><\/div>\n            <\/div>\n                <div style=\"clear:both\"><\/div><div class=\"mashsb-toggle-container\"><\/div><\/aside>\n            <!-- Share buttons by mashshare.net - Version: 4.0.47-->\n<p><em>Por Esmeralda Vargas\/Zunoticia<\/em><\/p>\n\n\n\n<p><strong>San Agust\u00edn Metzquititl\u00e1n, Hgo.<\/strong>&#8211; En un esfuerzo por fortalecer el v\u00ednculo entre el sector educativo y las autoridades municipales, se llev\u00f3 a cabo un importante encuentro entre la presidencia municipal, encabezada por el presidente municipal constitucional Germ\u00e1n Hern\u00e1ndez P\u00e9rez y representantes de diversas instituciones educativas del municipio.<\/p>\n\n\n\n<p>El evento, realizado recientemente, congreg\u00f3 a directores, maestros y personal directivo tanto del \u00e1mbito educativo como del ayuntamiento, con la participaci\u00f3n destacada del secretario de Gobernaci\u00f3n del municipio.<\/p>\n\n\n\n<p>Los asistentes expusieron las necesidades m\u00e1s urgentes de los planteles educativos, abordando tanto carencias de infraestructura como la falta de recursos did\u00e1cticos y de personal especializado. Asimismo, se discutieron propuestas de mejora para elevar la calidad educativa en la regi\u00f3n, destacando la importancia de trabajar de manera conjunta para enfrentar los retos que actualmente enfrentan las escuelas locales.<\/p>\n\n\n\n<p>Es relevante se\u00f1alar que, este encuentro no fue el primero ni ser\u00e1 el \u00faltimo, ya que las autoridades locales han manifestado su compromiso de seguir dialogando y buscando soluciones concretas para el bienestar de los estudiantes y la comunidad educativa en general; con este tipo de iniciativas, se pretende asegurar un futuro m\u00e1s prometedor para la educaci\u00f3n en San Agust\u00edn Metzquititl\u00e1n, fomentando una colaboraci\u00f3n estrecha entre el gobierno municipal y las instituciones educativas.<\/p>\n\n\n\n<p>Este tipo de encuentros reflejan el inter\u00e9s de las autoridades por atender las inquietudes del sector educativo, trabajar en conjunto para garantizar una mejor calidad de vida y aprendizaje para los ni\u00f1os y j\u00f3venes del municipio.<\/p>\n","protected":false},"excerpt":{"rendered":"<p>Por Esmeralda Vargas\/Zunoticia San Agust\u00edn Metzquititl\u00e1n, Hgo.&#8211; En un esfuerzo por fortalecer el v\u00ednculo entre el sector educativo y las autoridades municipales, se llev\u00f3 a cabo un importante encuentro entre la presidencia municipal, encabezada por el presidente municipal constitucional Germ\u00e1n Hern\u00e1ndez P\u00e9rez y representantes de diversas instituciones educativas del municipio. El evento, realizado recientemente, congreg\u00f3&hellip; <a class=\"more-link\" href=\"https:\/\/www.zunoticia.com\/noticias-de-hidalgo\/2024\/11\/07\/encuentro-entre-la-presidencia-municipal-y-el-sector-educativo-en-san-agustin-metzquititlan\/\">Seguir leyendo <span class=\"screen-reader-text\">Encuentro entre la presidencia municipal y el sector educativo en San Agust\u00edn Metzquititl\u00e1n<\/span><\/a><\/p>\n","protected":false},"author":20,"featured_media":570269,"comment_status":"open","ping_status":"open","sticky":false,"template":"","format":"standard","meta":{"rop_custom_images_group":[],"rop_custom_messages_group":[],"rop_publish_now":"initial","rop_publish_now_accounts":{"facebook_10159540855086992_322828327761733":""},"rop_publish_now_history":[],"rop_publish_now_status":"pending","footnotes":""},"categories":[443,433],"tags":[300,436],"class_list":["post-570268","post","type-post","status-publish","format-standard","has-post-thumbnail","hentry","category-san-agustin-metzquititlan","category-sierra-alta","tag-san-agustin-metzquititlan","tag-sierra-alta","entry"],"_links":{"self":[{"href":"https:\/\/www.zunoticia.com\/noticias-de-hidalgo\/wp-json\/wp\/v2\/posts\/570268","targetHints":{"allow":["GET"]}}],"collection":[{"href":"https:\/\/www.zunoticia.com\/noticias-de-hidalgo\/wp-json\/wp\/v2\/posts"}],"about":[{"href":"https:\/\/www.zunoticia.com\/noticias-de-hidalgo\/wp-json\/wp\/v2\/types\/post"}],"author":[{"embeddable":true,"href":"https:\/\/www.zunoticia.com\/noticias-de-hidalgo\/wp-json\/wp\/v2\/users\/20"}],"replies":[{"embeddable":true,"href":"https:\/\/www.zunoticia.com\/noticias-de-hidalgo\/wp-json\/wp\/v2\/comments?post=570268"}],"version-history":[{"count":1,"href":"https:\/\/www.zunoticia.com\/noticias-de-hidalgo\/wp-json\/wp\/v2\/posts\/570268\/revisions"}],"predecessor-version":[{"id":570270,"href":"https:\/\/www.zunoticia.com\/noticias-de-hidalgo\/wp-json\/wp\/v2\/posts\/570268\/revisions\/570270"}],"wp:featuredmedia":[{"embeddable":true,"href":"https:\/\/www.zunoticia.com\/noticias-de-hidalgo\/wp-json\/wp\/v2\/media\/570269"}],"wp:attachment":[{"href":"https:\/\/www.zunoticia.com\/noticias-de-hidalgo\/wp-json\/wp\/v2\/media?parent=570268"}],"wp:term":[{"taxonomy":"category","embeddable":true,"href":"https:\/\/www.zunoticia.com\/noticias-de-hidalgo\/wp-json\/wp\/v2\/categories?post=570268"},{"taxonomy":"post_tag","embeddable":true,"href":"https:\/\/www.zunoticia.com\/noticias-de-hidalgo\/wp-json\/wp\/v2\/tags?post=570268"}],"curies":[{"name":"wp","href":"https:\/\/api.w.org\/{rel}","templated":true}]}}