{"id":570294,"date":"2024-11-07T17:07:41","date_gmt":"2024-11-07T23:07:41","guid":{"rendered":"https:\/\/www.zunoticia.com\/noticias-de-hidalgo\/?p=570294"},"modified":"2024-11-07T17:07:43","modified_gmt":"2024-11-07T23:07:43","slug":"techos-deteriorados-un-peligro-para-transeuntes","status":"publish","type":"post","link":"https:\/\/www.zunoticia.com\/noticias-de-hidalgo\/2024\/11\/07\/techos-deteriorados-un-peligro-para-transeuntes\/","title":{"rendered":"Techos deteriorados, un peligro para transe\u00fantes"},"content":{"rendered":"<aside class=\"mashsb-container mashsb-main mashsb-stretched\"><div class=\"mashsb-box\"><div class=\"mashsb-count mash-large\" style=\"float:left\"><div class=\"counts mashsbcount\">0<\/div><span class=\"mashsb-sharetext\">SHARES<\/span><\/div><div class=\"mashsb-buttons\"><a class=\"mashicon-facebook mash-large mash-center mashsb-noshadow\" href=\"https:\/\/www.facebook.com\/sharer.php?u=https%3A%2F%2Fwww.zunoticia.com%2Fnoticias-de-hidalgo%2F2024%2F11%2F07%2Ftechos-deteriorados-un-peligro-para-transeuntes%2F\" target=\"_top\" rel=\"nofollow\"><span class=\"icon\"><\/span><span class=\"text\">Share<\/span><\/a><a class=\"mashicon-twitter mash-large mash-center mashsb-noshadow\" href=\"https:\/\/twitter.com\/intent\/tweet?text=&amp;url=https:\/\/www.zunoticia.com\/noticias-de-hidalgo\/2024\/11\/07\/techos-deteriorados-un-peligro-para-transeuntes\/\" target=\"_top\" rel=\"nofollow\"><span class=\"icon\"><\/span><span class=\"text\">Tweet<\/span><\/a><div class=\"onoffswitch2 mash-large mashsb-noshadow\" style=\"display:none\"><\/div><\/div>\n            <\/div>\n                <div style=\"clear:both\"><\/div><div class=\"mashsb-toggle-container\"><\/div><\/aside>\n            <!-- Share buttons by mashshare.net - Version: 4.0.47-->\n<p><em>Por Gabriela Hern\u00e1ndez\/Zunoticia<\/em><\/p>\n\n\n\n<p><strong>Huejutla, Hgo<\/strong>.- El deterioro de los techos, de los edificios en la zona centro de la ciudad de Huejutla, al ser de madera y teja, con el paso de los a\u00f1os y la intensa humedad, las vigas y tablas se pudren, convirti\u00e9ndose en un riesgo latente.<\/p>\n\n\n\n<p>Se han dado varios reportes ciudadanos sobre la gran cantidad de techos en mal estado, que se encuentran en las principales calles del centro hist\u00f3rico, algunos casos ya han sido atendidos por las autoridades, quitando el riesgo, sin embargo, la mayor\u00eda se encuentran en mal estado.<\/p>\n\n\n\n<p>Al tener techos en mal estado, algunos en total abandono, se convierten en un peligro latente. Ponen en riesgo a los transe\u00fantes, ya que podr\u00edan caerse y ocasionar hechos que lamentar; en la zona se ubican puesto que venden alimentos, as\u00ed como personas que suben y bajan a la zona centro o al mercado municipal.<\/p>\n\n\n\n<p>En ese sentido, los ciudadanos solicitan a las autoridades, en conjunto con la ciudadan\u00eda y propietarios de los establecimientos, coordinarse para encontrar soluciones a este delicado tema, a fin de promover la rehabilitaci\u00f3n de estos techos. Finalmente, las fachadas de las casas y edificios son parte de la imagen de la ciudad que ostenta Huejutla, por lo que es recomendable que se reparen o se cambie la madera que soportan las tejas.<\/p>\n\n\n\n<figure class=\"wp-block-image size-full\"><img fetchpriority=\"high\" decoding=\"async\" width=\"933\" height=\"524\" src=\"https:\/\/www.zunoticia.com\/noticias-de-hidalgo\/wp-content\/uploads\/2024\/11\/Zunoticia-Huejutla-1-77.png\" alt=\"\" class=\"wp-image-570296\"\/><\/figure>\n","protected":false},"excerpt":{"rendered":"<p>Por Gabriela Hern\u00e1ndez\/Zunoticia Huejutla, Hgo.- El deterioro de los techos, de los edificios en la zona centro de la ciudad de Huejutla, al ser de madera y teja, con el paso de los a\u00f1os y la intensa humedad, las vigas y tablas se pudren, convirti\u00e9ndose en un riesgo latente. Se han dado varios reportes ciudadanos&hellip; <a class=\"more-link\" href=\"https:\/\/www.zunoticia.com\/noticias-de-hidalgo\/2024\/11\/07\/techos-deteriorados-un-peligro-para-transeuntes\/\">Seguir leyendo <span class=\"screen-reader-text\">Techos deteriorados, un peligro para transe\u00fantes<\/span><\/a><\/p>\n","protected":false},"author":20,"featured_media":570295,"comment_status":"open","ping_status":"open","sticky":false,"template":"","format":"standard","meta":{"rop_custom_images_group":[],"rop_custom_messages_group":[],"rop_publish_now":"initial","rop_publish_now_accounts":{"facebook_10159540855086992_322828327761733":""},"rop_publish_now_history":[],"rop_publish_now_status":"pending","footnotes":""},"categories":[181],"tags":[121],"class_list":["post-570294","post","type-post","status-publish","format-standard","has-post-thumbnail","hentry","category-huejutla","tag-huejutla","entry"],"_links":{"self":[{"href":"https:\/\/www.zunoticia.com\/noticias-de-hidalgo\/wp-json\/wp\/v2\/posts\/570294","targetHints":{"allow":["GET"]}}],"collection":[{"href":"https:\/\/www.zunoticia.com\/noticias-de-hidalgo\/wp-json\/wp\/v2\/posts"}],"about":[{"href":"https:\/\/www.zunoticia.com\/noticias-de-hidalgo\/wp-json\/wp\/v2\/types\/post"}],"author":[{"embeddable":true,"href":"https:\/\/www.zunoticia.com\/noticias-de-hidalgo\/wp-json\/wp\/v2\/users\/20"}],"replies":[{"embeddable":true,"href":"https:\/\/www.zunoticia.com\/noticias-de-hidalgo\/wp-json\/wp\/v2\/comments?post=570294"}],"version-history":[{"count":1,"href":"https:\/\/www.zunoticia.com\/noticias-de-hidalgo\/wp-json\/wp\/v2\/posts\/570294\/revisions"}],"predecessor-version":[{"id":570297,"href":"https:\/\/www.zunoticia.com\/noticias-de-hidalgo\/wp-json\/wp\/v2\/posts\/570294\/revisions\/570297"}],"wp:featuredmedia":[{"embeddable":true,"href":"https:\/\/www.zunoticia.com\/noticias-de-hidalgo\/wp-json\/wp\/v2\/media\/570295"}],"wp:attachment":[{"href":"https:\/\/www.zunoticia.com\/noticias-de-hidalgo\/wp-json\/wp\/v2\/media?parent=570294"}],"wp:term":[{"taxonomy":"category","embeddable":true,"href":"https:\/\/www.zunoticia.com\/noticias-de-hidalgo\/wp-json\/wp\/v2\/categories?post=570294"},{"taxonomy":"post_tag","embeddable":true,"href":"https:\/\/www.zunoticia.com\/noticias-de-hidalgo\/wp-json\/wp\/v2\/tags?post=570294"}],"curies":[{"name":"wp","href":"https:\/\/api.w.org\/{rel}","templated":true}]}}