{"id":570322,"date":"2024-11-07T18:39:46","date_gmt":"2024-11-08T00:39:46","guid":{"rendered":"https:\/\/www.zunoticia.com\/noticias-de-hidalgo\/?p=570322"},"modified":"2024-11-07T18:39:48","modified_gmt":"2024-11-08T00:39:48","slug":"menor-convulsiono-en-jardin-de-ninos","status":"publish","type":"post","link":"https:\/\/www.zunoticia.com\/noticias-de-hidalgo\/2024\/11\/07\/menor-convulsiono-en-jardin-de-ninos\/","title":{"rendered":"Menor convulsion\u00f3 en jard\u00edn de ni\u00f1os"},"content":{"rendered":"<aside class=\"mashsb-container mashsb-main mashsb-stretched\"><div class=\"mashsb-box\"><div class=\"mashsb-count mash-large\" style=\"float:left\"><div class=\"counts mashsbcount\">0<\/div><span class=\"mashsb-sharetext\">SHARES<\/span><\/div><div class=\"mashsb-buttons\"><a class=\"mashicon-facebook mash-large mash-center mashsb-noshadow\" href=\"https:\/\/www.facebook.com\/sharer.php?u=https%3A%2F%2Fwww.zunoticia.com%2Fnoticias-de-hidalgo%2F2024%2F11%2F07%2Fmenor-convulsiono-en-jardin-de-ninos%2F\" target=\"_top\" rel=\"nofollow\"><span class=\"icon\"><\/span><span class=\"text\">Share<\/span><\/a><a class=\"mashicon-twitter mash-large mash-center mashsb-noshadow\" href=\"https:\/\/twitter.com\/intent\/tweet?text=&amp;url=https:\/\/www.zunoticia.com\/noticias-de-hidalgo\/2024\/11\/07\/menor-convulsiono-en-jardin-de-ninos\/\" target=\"_top\" rel=\"nofollow\"><span class=\"icon\"><\/span><span class=\"text\">Tweet<\/span><\/a><div class=\"onoffswitch2 mash-large mashsb-noshadow\" style=\"display:none\"><\/div><\/div>\n            <\/div>\n                <div style=\"clear:both\"><\/div><div class=\"mashsb-toggle-container\"><\/div><\/aside>\n            <!-- Share buttons by mashshare.net - Version: 4.0.47-->\n<p><em>Por Roberto Meza Ram\u00edrez \/Zunoticia<\/em><\/p>\n\n\n\n<p><strong>Huejutla, Hgo.<\/strong> &#8211; Un menor convulsion\u00f3 cuando estaba en sus clases, en un jard\u00edn de ni\u00f1os de la colonia Jeric\u00f3 de esta ciudad, al lugar hicieron acto de presencia elementos de la Cruz Roja Mexicana para su atenci\u00f3n y traslado a un hospital de esta zona de la huasteca.<\/p>\n\n\n\n<p>Fueron los maestros del Jard\u00edn de ni\u00f1os \u201cAlfredo Le\u00f3n S\u00e1enz\u201d, de la colonia Jeric\u00f3, quienes alertaron a los servicios de emergencia, ya un menor de edad convulsion\u00f3 y qued\u00f3 semiinconsciente; inmediatamente al lugar arribaron socorristas de esa instituci\u00f3n para su valoraci\u00f3n.<\/p>\n\n\n\n<p>Ante la delicadeza de la salud del infante, fue llevado a un centro hospitalario para su atenci\u00f3n; esta situaci\u00f3n gener\u00f3 tambi\u00e9n preocupaci\u00f3n entre la comunidad estudiantil, siendo citados de inmediato los padres de familia del menor.<\/p>\n","protected":false},"excerpt":{"rendered":"<p>Por Roberto Meza Ram\u00edrez \/Zunoticia Huejutla, Hgo. &#8211; Un menor convulsion\u00f3 cuando estaba en sus clases, en un jard\u00edn de ni\u00f1os de la colonia Jeric\u00f3 de esta ciudad, al lugar hicieron acto de presencia elementos de la Cruz Roja Mexicana para su atenci\u00f3n y traslado a un hospital de esta zona de la huasteca. Fueron&hellip; <a class=\"more-link\" href=\"https:\/\/www.zunoticia.com\/noticias-de-hidalgo\/2024\/11\/07\/menor-convulsiono-en-jardin-de-ninos\/\">Seguir leyendo <span class=\"screen-reader-text\">Menor convulsion\u00f3 en jard\u00edn de ni\u00f1os<\/span><\/a><\/p>\n","protected":false},"author":20,"featured_media":570323,"comment_status":"open","ping_status":"open","sticky":false,"template":"","format":"standard","meta":{"rop_custom_images_group":[],"rop_custom_messages_group":[],"rop_publish_now":"initial","rop_publish_now_accounts":{"facebook_10159540855086992_322828327761733":""},"rop_publish_now_history":[],"rop_publish_now_status":"pending","footnotes":""},"categories":[178],"tags":[259],"class_list":["post-570322","post","type-post","status-publish","format-standard","has-post-thumbnail","hentry","category-policiaca","tag-policiaca","entry"],"_links":{"self":[{"href":"https:\/\/www.zunoticia.com\/noticias-de-hidalgo\/wp-json\/wp\/v2\/posts\/570322","targetHints":{"allow":["GET"]}}],"collection":[{"href":"https:\/\/www.zunoticia.com\/noticias-de-hidalgo\/wp-json\/wp\/v2\/posts"}],"about":[{"href":"https:\/\/www.zunoticia.com\/noticias-de-hidalgo\/wp-json\/wp\/v2\/types\/post"}],"author":[{"embeddable":true,"href":"https:\/\/www.zunoticia.com\/noticias-de-hidalgo\/wp-json\/wp\/v2\/users\/20"}],"replies":[{"embeddable":true,"href":"https:\/\/www.zunoticia.com\/noticias-de-hidalgo\/wp-json\/wp\/v2\/comments?post=570322"}],"version-history":[{"count":1,"href":"https:\/\/www.zunoticia.com\/noticias-de-hidalgo\/wp-json\/wp\/v2\/posts\/570322\/revisions"}],"predecessor-version":[{"id":570324,"href":"https:\/\/www.zunoticia.com\/noticias-de-hidalgo\/wp-json\/wp\/v2\/posts\/570322\/revisions\/570324"}],"wp:featuredmedia":[{"embeddable":true,"href":"https:\/\/www.zunoticia.com\/noticias-de-hidalgo\/wp-json\/wp\/v2\/media\/570323"}],"wp:attachment":[{"href":"https:\/\/www.zunoticia.com\/noticias-de-hidalgo\/wp-json\/wp\/v2\/media?parent=570322"}],"wp:term":[{"taxonomy":"category","embeddable":true,"href":"https:\/\/www.zunoticia.com\/noticias-de-hidalgo\/wp-json\/wp\/v2\/categories?post=570322"},{"taxonomy":"post_tag","embeddable":true,"href":"https:\/\/www.zunoticia.com\/noticias-de-hidalgo\/wp-json\/wp\/v2\/tags?post=570322"}],"curies":[{"name":"wp","href":"https:\/\/api.w.org\/{rel}","templated":true}]}}