{"id":570325,"date":"2024-11-07T18:47:10","date_gmt":"2024-11-08T00:47:10","guid":{"rendered":"https:\/\/www.zunoticia.com\/noticias-de-hidalgo\/?p=570325"},"modified":"2024-11-07T18:47:11","modified_gmt":"2024-11-08T00:47:11","slug":"volco-camion-volteo-en-la-mexico-tampico","status":"publish","type":"post","link":"https:\/\/www.zunoticia.com\/noticias-de-hidalgo\/2024\/11\/07\/volco-camion-volteo-en-la-mexico-tampico\/","title":{"rendered":"Volc\u00f3 cami\u00f3n volteo en la M\u00e9xico-Tampico"},"content":{"rendered":"<aside class=\"mashsb-container mashsb-main mashsb-stretched\"><div class=\"mashsb-box\"><div class=\"mashsb-count mash-large\" style=\"float:left\"><div class=\"counts mashsbcount\">0<\/div><span class=\"mashsb-sharetext\">SHARES<\/span><\/div><div class=\"mashsb-buttons\"><a class=\"mashicon-facebook mash-large mash-center mashsb-noshadow\" href=\"https:\/\/www.facebook.com\/sharer.php?u=https%3A%2F%2Fwww.zunoticia.com%2Fnoticias-de-hidalgo%2F2024%2F11%2F07%2Fvolco-camion-volteo-en-la-mexico-tampico%2F\" target=\"_top\" rel=\"nofollow\"><span class=\"icon\"><\/span><span class=\"text\">Share<\/span><\/a><a class=\"mashicon-twitter mash-large mash-center mashsb-noshadow\" href=\"https:\/\/twitter.com\/intent\/tweet?text=&amp;url=https:\/\/www.zunoticia.com\/noticias-de-hidalgo\/2024\/11\/07\/volco-camion-volteo-en-la-mexico-tampico\/\" target=\"_top\" rel=\"nofollow\"><span class=\"icon\"><\/span><span class=\"text\">Tweet<\/span><\/a><div class=\"onoffswitch2 mash-large mashsb-noshadow\" style=\"display:none\"><\/div><\/div>\n            <\/div>\n                <div style=\"clear:both\"><\/div><div class=\"mashsb-toggle-container\"><\/div><\/aside>\n            <!-- Share buttons by mashshare.net - Version: 4.0.47-->\n<p><em>Por Roberto Meza \/Zunoticia<\/em><\/p>\n\n\n\n<p><strong>San Agust\u00edn Metzquititl\u00e1n, Hgo<\/strong>. &#8211; Automovilistas reportaron la volcadura de un cami\u00f3n volteo sobre la v\u00eda federal M\u00e9xico-Tampico, a la altura de este municipio; cuerpos de emergencia llegaron al lugar para auxiliar al conductor, as\u00ed mismo, dar vialidad ya que por este accidente qued\u00f3 tapado un carril.<\/p>\n\n\n\n<p>El accidente ocurri\u00f3 la tarde de este jueves, cuando un cami\u00f3n materialista, cuyo conductor al perder el control de su veh\u00edculo por una presunta falla mec\u00e1nica, volc\u00f3 a la altura del kil\u00f3metro 60, del tramo Pachuca-Huejutla, a la altura del lugar conocido como Acalome.<\/p>\n\n\n\n<p>Socorristas y polic\u00edas llegaron al lugar para auxiliar al chofer, quien sufri\u00f3 diversas heridas y llevarlo al hospital de esa regi\u00f3n; al sitio tambi\u00e9n se dieron cita autoridades de la Guardia Nacional Carreteras para intervenir y ordenar el remolque del veh\u00edculo pesado.<\/p>\n\n\n\n<figure class=\"wp-block-image size-full\"><img fetchpriority=\"high\" decoding=\"async\" width=\"1280\" height=\"552\" src=\"https:\/\/www.zunoticia.com\/noticias-de-hidalgo\/wp-content\/uploads\/2024\/11\/WhatsApp-Image-2024-11-07-at-17.16.07.jpeg\" alt=\"\" class=\"wp-image-570327\"\/><\/figure>\n","protected":false},"excerpt":{"rendered":"<p>Por Roberto Meza \/Zunoticia San Agust\u00edn Metzquititl\u00e1n, Hgo. &#8211; Automovilistas reportaron la volcadura de un cami\u00f3n volteo sobre la v\u00eda federal M\u00e9xico-Tampico, a la altura de este municipio; cuerpos de emergencia llegaron al lugar para auxiliar al conductor, as\u00ed mismo, dar vialidad ya que por este accidente qued\u00f3 tapado un carril. El accidente ocurri\u00f3 la&hellip; <a class=\"more-link\" href=\"https:\/\/www.zunoticia.com\/noticias-de-hidalgo\/2024\/11\/07\/volco-camion-volteo-en-la-mexico-tampico\/\">Seguir leyendo <span class=\"screen-reader-text\">Volc\u00f3 cami\u00f3n volteo en la M\u00e9xico-Tampico<\/span><\/a><\/p>\n","protected":false},"author":20,"featured_media":570326,"comment_status":"open","ping_status":"open","sticky":false,"template":"","format":"standard","meta":{"rop_custom_images_group":[],"rop_custom_messages_group":[],"rop_publish_now":"initial","rop_publish_now_accounts":{"facebook_10159540855086992_322828327761733":""},"rop_publish_now_history":[],"rop_publish_now_status":"pending","footnotes":""},"categories":[178],"tags":[259],"class_list":["post-570325","post","type-post","status-publish","format-standard","has-post-thumbnail","hentry","category-policiaca","tag-policiaca","entry"],"_links":{"self":[{"href":"https:\/\/www.zunoticia.com\/noticias-de-hidalgo\/wp-json\/wp\/v2\/posts\/570325","targetHints":{"allow":["GET"]}}],"collection":[{"href":"https:\/\/www.zunoticia.com\/noticias-de-hidalgo\/wp-json\/wp\/v2\/posts"}],"about":[{"href":"https:\/\/www.zunoticia.com\/noticias-de-hidalgo\/wp-json\/wp\/v2\/types\/post"}],"author":[{"embeddable":true,"href":"https:\/\/www.zunoticia.com\/noticias-de-hidalgo\/wp-json\/wp\/v2\/users\/20"}],"replies":[{"embeddable":true,"href":"https:\/\/www.zunoticia.com\/noticias-de-hidalgo\/wp-json\/wp\/v2\/comments?post=570325"}],"version-history":[{"count":1,"href":"https:\/\/www.zunoticia.com\/noticias-de-hidalgo\/wp-json\/wp\/v2\/posts\/570325\/revisions"}],"predecessor-version":[{"id":570328,"href":"https:\/\/www.zunoticia.com\/noticias-de-hidalgo\/wp-json\/wp\/v2\/posts\/570325\/revisions\/570328"}],"wp:featuredmedia":[{"embeddable":true,"href":"https:\/\/www.zunoticia.com\/noticias-de-hidalgo\/wp-json\/wp\/v2\/media\/570326"}],"wp:attachment":[{"href":"https:\/\/www.zunoticia.com\/noticias-de-hidalgo\/wp-json\/wp\/v2\/media?parent=570325"}],"wp:term":[{"taxonomy":"category","embeddable":true,"href":"https:\/\/www.zunoticia.com\/noticias-de-hidalgo\/wp-json\/wp\/v2\/categories?post=570325"},{"taxonomy":"post_tag","embeddable":true,"href":"https:\/\/www.zunoticia.com\/noticias-de-hidalgo\/wp-json\/wp\/v2\/tags?post=570325"}],"curies":[{"name":"wp","href":"https:\/\/api.w.org\/{rel}","templated":true}]}}