{"id":570605,"date":"2024-11-09T10:42:47","date_gmt":"2024-11-09T16:42:47","guid":{"rendered":"https:\/\/www.zunoticia.com\/noticias-de-hidalgo\/?p=570605"},"modified":"2024-11-09T10:42:48","modified_gmt":"2024-11-09T16:42:48","slug":"promueve-ine-el-faro-democratico","status":"publish","type":"post","link":"https:\/\/www.zunoticia.com\/noticias-de-hidalgo\/2024\/11\/09\/promueve-ine-el-faro-democratico\/","title":{"rendered":"Promueve INE el Faro Democr\u00e1tico"},"content":{"rendered":"<aside class=\"mashsb-container mashsb-main mashsb-stretched\"><div class=\"mashsb-box\"><div class=\"mashsb-count mash-large\" style=\"float:left\"><div class=\"counts mashsbcount\">0<\/div><span class=\"mashsb-sharetext\">SHARES<\/span><\/div><div class=\"mashsb-buttons\"><a class=\"mashicon-facebook mash-large mash-center mashsb-noshadow\" href=\"https:\/\/www.facebook.com\/sharer.php?u=https%3A%2F%2Fwww.zunoticia.com%2Fnoticias-de-hidalgo%2F2024%2F11%2F09%2Fpromueve-ine-el-faro-democratico%2F\" target=\"_top\" rel=\"nofollow\"><span class=\"icon\"><\/span><span class=\"text\">Share<\/span><\/a><a class=\"mashicon-twitter mash-large mash-center mashsb-noshadow\" href=\"https:\/\/twitter.com\/intent\/tweet?text=&amp;url=https:\/\/www.zunoticia.com\/noticias-de-hidalgo\/2024\/11\/09\/promueve-ine-el-faro-democratico\/\" target=\"_top\" rel=\"nofollow\"><span class=\"icon\"><\/span><span class=\"text\">Tweet<\/span><\/a><div class=\"onoffswitch2 mash-large mashsb-noshadow\" style=\"display:none\"><\/div><\/div>\n            <\/div>\n                <div style=\"clear:both\"><\/div><div class=\"mashsb-toggle-container\"><\/div><\/aside>\n            <!-- Share buttons by mashshare.net - Version: 4.0.47-->\n<p><em>Por Enedino Hern\u00e1ndez\/Zunoticia\u00a0\u00a0\u00a0\u00a0\u00a0\u00a0\u00a0\u00a0\u00a0<\/em><\/p>\n\n\n\n<p><strong>Huejutla, Hidalgo.-<\/strong> Con el objetivo de proporcionar a las y los alumnos de secundaria y educaci\u00f3n media superior una plataforma en la que puedan aprender y explorar contenidos vinculados a la formaci\u00f3n c\u00edvica y \u00e9tica, actualmente el Instituto Nacional Electoral promueve la plataforma el Faro Democr\u00e1tico.<\/p>\n\n\n\n<p>El Vocal de capacitaci\u00f3n y educaci\u00f3n c\u00edvica del INE en Huejutla de Reyes, Pedro del \u00c1ngel Badillo, se\u00f1ala que es a trav\u00e9s de las herramientas adaptadas a un entorno digital; as\u00ed como como se busca dotar a las y los maestros con recursos y herramientas did\u00e1cticas que sirvan de apoyo para impartir sus clases.<\/p>\n\n\n\n<p>Dijo que el Faro Democr\u00e1tico forma parte de las actividades enfocadas en fortalecer las acciones democr\u00e1ticas y que estas sean conocidas principalmente por los j\u00f3venes.<\/p>\n\n\n\n<p>Los j\u00f3venes pueden consultar en la p\u00e1gina oficial del Instituto Nacional Electoral todo lo relacionado con esta plataforma que va dirigido principalmente para los alumnos del nivel de secundaria y los que cursan el primer semestre de bachillerato.<\/p>\n\n\n\n<p>Pedro del \u00c1ngel Badillo, subraya que la plataforma digital fue elaborada mediante una alianza estrat\u00e9gica entre el INE y la UNAM, con el Instituto de Investigaciones Jur\u00eddicas y consisten en los m\u00f3dulos: democracia, ciudadan\u00eda y participaci\u00f3n, cohesi\u00f3n social, derechos humanos, estado de derecho y convivencia pac\u00edfica y cultural de la paz.<\/p>\n\n\n\n<p>Concluye que los maestros y j\u00f3venes alumnos interesados en conocer m\u00e1s acerca del Faro Democr\u00e1tico puedan acudir a las oficinas del INE en esta ciudad de Huejutla de Reyes, en donde se les brindar\u00e1 toda la informaci\u00f3n que sea necesaria.<\/p>\n","protected":false},"excerpt":{"rendered":"<p>Por Enedino Hern\u00e1ndez\/Zunoticia\u00a0\u00a0\u00a0\u00a0\u00a0\u00a0\u00a0\u00a0\u00a0 Huejutla, Hidalgo.- Con el objetivo de proporcionar a las y los alumnos de secundaria y educaci\u00f3n media superior una plataforma en la que puedan aprender y explorar contenidos vinculados a la formaci\u00f3n c\u00edvica y \u00e9tica, actualmente el Instituto Nacional Electoral promueve la plataforma el Faro Democr\u00e1tico. El Vocal de capacitaci\u00f3n y educaci\u00f3n&hellip; <a class=\"more-link\" href=\"https:\/\/www.zunoticia.com\/noticias-de-hidalgo\/2024\/11\/09\/promueve-ine-el-faro-democratico\/\">Seguir leyendo <span class=\"screen-reader-text\">Promueve INE el Faro Democr\u00e1tico<\/span><\/a><\/p>\n","protected":false},"author":23,"featured_media":570606,"comment_status":"open","ping_status":"open","sticky":false,"template":"","format":"standard","meta":{"rop_custom_images_group":[],"rop_custom_messages_group":[],"rop_publish_now":"initial","rop_publish_now_accounts":{"facebook_10159540855086992_322828327761733":""},"rop_publish_now_history":[],"rop_publish_now_status":"pending","footnotes":""},"categories":[181],"tags":[121],"class_list":["post-570605","post","type-post","status-publish","format-standard","has-post-thumbnail","hentry","category-huejutla","tag-huejutla","entry"],"_links":{"self":[{"href":"https:\/\/www.zunoticia.com\/noticias-de-hidalgo\/wp-json\/wp\/v2\/posts\/570605","targetHints":{"allow":["GET"]}}],"collection":[{"href":"https:\/\/www.zunoticia.com\/noticias-de-hidalgo\/wp-json\/wp\/v2\/posts"}],"about":[{"href":"https:\/\/www.zunoticia.com\/noticias-de-hidalgo\/wp-json\/wp\/v2\/types\/post"}],"author":[{"embeddable":true,"href":"https:\/\/www.zunoticia.com\/noticias-de-hidalgo\/wp-json\/wp\/v2\/users\/23"}],"replies":[{"embeddable":true,"href":"https:\/\/www.zunoticia.com\/noticias-de-hidalgo\/wp-json\/wp\/v2\/comments?post=570605"}],"version-history":[{"count":1,"href":"https:\/\/www.zunoticia.com\/noticias-de-hidalgo\/wp-json\/wp\/v2\/posts\/570605\/revisions"}],"predecessor-version":[{"id":570607,"href":"https:\/\/www.zunoticia.com\/noticias-de-hidalgo\/wp-json\/wp\/v2\/posts\/570605\/revisions\/570607"}],"wp:featuredmedia":[{"embeddable":true,"href":"https:\/\/www.zunoticia.com\/noticias-de-hidalgo\/wp-json\/wp\/v2\/media\/570606"}],"wp:attachment":[{"href":"https:\/\/www.zunoticia.com\/noticias-de-hidalgo\/wp-json\/wp\/v2\/media?parent=570605"}],"wp:term":[{"taxonomy":"category","embeddable":true,"href":"https:\/\/www.zunoticia.com\/noticias-de-hidalgo\/wp-json\/wp\/v2\/categories?post=570605"},{"taxonomy":"post_tag","embeddable":true,"href":"https:\/\/www.zunoticia.com\/noticias-de-hidalgo\/wp-json\/wp\/v2\/tags?post=570605"}],"curies":[{"name":"wp","href":"https:\/\/api.w.org\/{rel}","templated":true}]}}