{"id":570612,"date":"2024-11-09T14:05:36","date_gmt":"2024-11-09T20:05:36","guid":{"rendered":"https:\/\/www.zunoticia.com\/noticias-de-hidalgo\/?p=570612"},"modified":"2024-11-09T14:05:38","modified_gmt":"2024-11-09T20:05:38","slug":"huastecos-acuden-a-concurso-regional-de-canto-voces","status":"publish","type":"post","link":"https:\/\/www.zunoticia.com\/noticias-de-hidalgo\/2024\/11\/09\/huastecos-acuden-a-concurso-regional-de-canto-voces\/","title":{"rendered":"Huastecos acuden a Concurso Regional de canto Voces"},"content":{"rendered":"<aside class=\"mashsb-container mashsb-main mashsb-stretched\"><div class=\"mashsb-box\"><div class=\"mashsb-count mash-large\" style=\"float:left\"><div class=\"counts mashsbcount\">0<\/div><span class=\"mashsb-sharetext\">SHARES<\/span><\/div><div class=\"mashsb-buttons\"><a class=\"mashicon-facebook mash-large mash-center mashsb-noshadow\" href=\"https:\/\/www.facebook.com\/sharer.php?u=https%3A%2F%2Fwww.zunoticia.com%2Fnoticias-de-hidalgo%2F2024%2F11%2F09%2Fhuastecos-acuden-a-concurso-regional-de-canto-voces%2F\" target=\"_top\" rel=\"nofollow\"><span class=\"icon\"><\/span><span class=\"text\">Share<\/span><\/a><a class=\"mashicon-twitter mash-large mash-center mashsb-noshadow\" href=\"https:\/\/twitter.com\/intent\/tweet?text=&amp;url=https:\/\/www.zunoticia.com\/noticias-de-hidalgo\/2024\/11\/09\/huastecos-acuden-a-concurso-regional-de-canto-voces\/\" target=\"_top\" rel=\"nofollow\"><span class=\"icon\"><\/span><span class=\"text\">Tweet<\/span><\/a><div class=\"onoffswitch2 mash-large mashsb-noshadow\" style=\"display:none\"><\/div><\/div>\n            <\/div>\n                <div style=\"clear:both\"><\/div><div class=\"mashsb-toggle-container\"><\/div><\/aside>\n            <!-- Share buttons by mashshare.net - Version: 4.0.47-->\n<p><em>Por Redacci\u00f3n\/Zunoticia<\/em><\/p>\n\n\n\n<p><strong>Huejutla, Hgo.-<\/strong> Un grupo de cantantes de esta zona de la huasteca participar\u00e1 el domingo 10 de noviembre en el Concurso Regional de canto Voces y Coros Universitarios, a realizarse en la ciudad de Pachuca.<\/p>\n\n\n\n<p>Arnulfo Barrag\u00e1n Vera, explic\u00f3 que, el concurso con sede en la ciudad de Pachuca, se realiza el domingo 10 de noviembre en el Auditorio \u201cGota de Plata\u201d, en donde se recibir\u00e1 a cantantes de los estados del centro del pa\u00eds: Hidalgo, Edomex, CDMX, Morelos y Quer\u00e9taro.<\/p>\n\n\n\n<p>Se\u00f1al\u00f3 que, el grupo representativo de esta zona de la huasteca ha estado prepar\u00e1ndose con toda oportunidad para demostrar la calidad del nivel art\u00edstico que se tiene en esta regi\u00f3n de Hidalgo.<\/p>\n\n\n\n<p>Con este tipo de eventos se espera fortalecer \u201cel arte y la cultura&#8221; las cuales deben de impactar en la emoci\u00f3n y en la sensibilidad de los seres humanos.<\/p>\n\n\n\n<p>Confirm\u00f3 que, quien practica y oye la buena m\u00fasica es un individuo que se va educando, transformando y volviendo un hombre mejor; situaci\u00f3n que a su vez invita a pensar en cosas diferentes y sublimes, haci\u00e9ndole m\u00e1s sensible a los grandes problemas sociales.<\/p>\n\n\n\n<p>Arnulfo Barrag\u00e1n, se\u00f1al\u00f3 que, en esta ocasi\u00f3n tendr\u00e1 la oportunidad de competir contra los cantantes originarios de municipios y zonas de la huasteca, el Valle, Tulancingo y la capital hidalguense, de colonias y comunidades de escasos recursos; amas de casa, campesinos, estudiantes, profesionistas, todos con la misma pasi\u00f3n por el canto y la m\u00fasica.<\/p>\n","protected":false},"excerpt":{"rendered":"<p>Por Redacci\u00f3n\/Zunoticia Huejutla, Hgo.- Un grupo de cantantes de esta zona de la huasteca participar\u00e1 el domingo 10 de noviembre en el Concurso Regional de canto Voces y Coros Universitarios, a realizarse en la ciudad de Pachuca. Arnulfo Barrag\u00e1n Vera, explic\u00f3 que, el concurso con sede en la ciudad de Pachuca, se realiza el domingo&hellip; <a class=\"more-link\" href=\"https:\/\/www.zunoticia.com\/noticias-de-hidalgo\/2024\/11\/09\/huastecos-acuden-a-concurso-regional-de-canto-voces\/\">Seguir leyendo <span class=\"screen-reader-text\">Huastecos acuden a Concurso Regional de canto Voces<\/span><\/a><\/p>\n","protected":false},"author":20,"featured_media":570613,"comment_status":"open","ping_status":"open","sticky":false,"template":"","format":"standard","meta":{"rop_custom_images_group":[],"rop_custom_messages_group":[],"rop_publish_now":"initial","rop_publish_now_accounts":{"facebook_10159540855086992_322828327761733":""},"rop_publish_now_history":[],"rop_publish_now_status":"pending","footnotes":""},"categories":[181],"tags":[121],"class_list":["post-570612","post","type-post","status-publish","format-standard","has-post-thumbnail","hentry","category-huejutla","tag-huejutla","entry"],"_links":{"self":[{"href":"https:\/\/www.zunoticia.com\/noticias-de-hidalgo\/wp-json\/wp\/v2\/posts\/570612","targetHints":{"allow":["GET"]}}],"collection":[{"href":"https:\/\/www.zunoticia.com\/noticias-de-hidalgo\/wp-json\/wp\/v2\/posts"}],"about":[{"href":"https:\/\/www.zunoticia.com\/noticias-de-hidalgo\/wp-json\/wp\/v2\/types\/post"}],"author":[{"embeddable":true,"href":"https:\/\/www.zunoticia.com\/noticias-de-hidalgo\/wp-json\/wp\/v2\/users\/20"}],"replies":[{"embeddable":true,"href":"https:\/\/www.zunoticia.com\/noticias-de-hidalgo\/wp-json\/wp\/v2\/comments?post=570612"}],"version-history":[{"count":1,"href":"https:\/\/www.zunoticia.com\/noticias-de-hidalgo\/wp-json\/wp\/v2\/posts\/570612\/revisions"}],"predecessor-version":[{"id":570614,"href":"https:\/\/www.zunoticia.com\/noticias-de-hidalgo\/wp-json\/wp\/v2\/posts\/570612\/revisions\/570614"}],"wp:featuredmedia":[{"embeddable":true,"href":"https:\/\/www.zunoticia.com\/noticias-de-hidalgo\/wp-json\/wp\/v2\/media\/570613"}],"wp:attachment":[{"href":"https:\/\/www.zunoticia.com\/noticias-de-hidalgo\/wp-json\/wp\/v2\/media?parent=570612"}],"wp:term":[{"taxonomy":"category","embeddable":true,"href":"https:\/\/www.zunoticia.com\/noticias-de-hidalgo\/wp-json\/wp\/v2\/categories?post=570612"},{"taxonomy":"post_tag","embeddable":true,"href":"https:\/\/www.zunoticia.com\/noticias-de-hidalgo\/wp-json\/wp\/v2\/tags?post=570612"}],"curies":[{"name":"wp","href":"https:\/\/api.w.org\/{rel}","templated":true}]}}