{"id":570635,"date":"2024-11-09T16:42:25","date_gmt":"2024-11-09T22:42:25","guid":{"rendered":"https:\/\/www.zunoticia.com\/noticias-de-hidalgo\/?p=570635"},"modified":"2024-11-09T16:42:26","modified_gmt":"2024-11-09T22:42:26","slug":"urgente-atencion-a-la-carretera-mexico-tampico","status":"publish","type":"post","link":"https:\/\/www.zunoticia.com\/noticias-de-hidalgo\/2024\/11\/09\/urgente-atencion-a-la-carretera-mexico-tampico\/","title":{"rendered":"Urgente atenci\u00f3n a la carretera M\u00e9xico-Tampico"},"content":{"rendered":"<aside class=\"mashsb-container mashsb-main mashsb-stretched\"><div class=\"mashsb-box\"><div class=\"mashsb-count mash-large\" style=\"float:left\"><div class=\"counts mashsbcount\">0<\/div><span class=\"mashsb-sharetext\">SHARES<\/span><\/div><div class=\"mashsb-buttons\"><a class=\"mashicon-facebook mash-large mash-center mashsb-noshadow\" href=\"https:\/\/www.facebook.com\/sharer.php?u=https%3A%2F%2Fwww.zunoticia.com%2Fnoticias-de-hidalgo%2F2024%2F11%2F09%2Furgente-atencion-a-la-carretera-mexico-tampico%2F\" target=\"_top\" rel=\"nofollow\"><span class=\"icon\"><\/span><span class=\"text\">Share<\/span><\/a><a class=\"mashicon-twitter mash-large mash-center mashsb-noshadow\" href=\"https:\/\/twitter.com\/intent\/tweet?text=&amp;url=https:\/\/www.zunoticia.com\/noticias-de-hidalgo\/2024\/11\/09\/urgente-atencion-a-la-carretera-mexico-tampico\/\" target=\"_top\" rel=\"nofollow\"><span class=\"icon\"><\/span><span class=\"text\">Tweet<\/span><\/a><div class=\"onoffswitch2 mash-large mashsb-noshadow\" style=\"display:none\"><\/div><\/div>\n            <\/div>\n                <div style=\"clear:both\"><\/div><div class=\"mashsb-toggle-container\"><\/div><\/aside>\n            <!-- Share buttons by mashshare.net - Version: 4.0.47-->\n<ul class=\"wp-block-list\">\n<li>Automovilistas y transportistas exigen reparaciones.<\/li>\n<\/ul>\n\n\n\n<p><em>Por Karen Rivera\/ Zunoticia<\/em><\/p>\n\n\n\n<p><strong>Huejutla de Reyes, Hgo.-<\/strong> La carretera federal M\u00e9xico-Tampico contin\u00faa siendo un dolor de cabeza para automovilistas y transportistas, particularmente en el tramo Huejutla-Tlanchinol, donde las malas condiciones de la v\u00eda est\u00e1n generando m\u00faltiples problemas de seguridad y retrasos.<\/p>\n\n\n\n<p>Los baches y deslaves en este segmento de la ruta, que conecta importantes puntos del centro y norte del pa\u00eds, han empeorado, lo que ha generado el malestar de quienes dependen de este acceso para su transporte diario.<\/p>\n\n\n\n<p>Transportistas aseguran que, los da\u00f1os a sus veh\u00edculos son frecuentes, lo que incrementa los costos operativos y pone en riesgo la seguridad de los conductores.<\/p>\n\n\n\n<p>&#8220;Es una ruta muy transitada, sobre todo por camiones de carga, y la verdad es que las condiciones son cada vez peores. Los baches son enormes, y en algunos tramos el deslave ha reducido el ancho de la carretera, lo que obliga a los conductores a maniobrar con precauci\u00f3n extrema&#8221;, coment\u00f3 Manuel Hern\u00e1ndez, transportista.<\/p>\n\n\n\n<p>Los automovilistas tambi\u00e9n se han visto afectados, pues el deterioro de la carpeta asf\u00e1ltica no da paso en ning\u00fan carril, ya que en ambos lados las condiciones son deplorables, lo que agrava a\u00fan m\u00e1s la situaci\u00f3n; aunado a ello, en la sierra alta se suma la densa neblina, los derrumbes constantes y el deslave de la carretera, volvi\u00e9ndose a\u00fan m\u00e1s peligrosa.<\/p>\n\n\n\n<p>En este contexto, los llamados a las autoridades federales para atender de inmediato esta problem\u00e1tica se han multiplicado.<\/p>\n\n\n\n<p>La falta de un mantenimiento adecuado a esta arteria vial pone en peligro la seguridad de miles de usuarios que dependen de esta ruta.<\/p>\n\n\n\n<p>Es urgente que las autoridades competentes tomen medidas para reparar el tramo Huejutla-Tlanchinol y garantizar una v\u00eda segura para todos. La falta de intervenci\u00f3n podr\u00eda seguir causando da\u00f1os y podr\u00edan evitarse accidentes lamentables.<\/p>\n\n\n\n<p>Finalmente, los transportistas hacen un llamado a la Secretar\u00eda de Comunicaciones y Transportes (SCT) y a la presidenta de la Rep\u00fablica para que atienda el llamado de este sector que diariamente es afectado.<\/p>\n","protected":false},"excerpt":{"rendered":"<p>Por Karen Rivera\/ Zunoticia Huejutla de Reyes, Hgo.- La carretera federal M\u00e9xico-Tampico contin\u00faa siendo un dolor de cabeza para automovilistas y transportistas, particularmente en el tramo Huejutla-Tlanchinol, donde las malas condiciones de la v\u00eda est\u00e1n generando m\u00faltiples problemas de seguridad y retrasos. Los baches y deslaves en este segmento de la ruta, que conecta importantes&hellip; <a class=\"more-link\" href=\"https:\/\/www.zunoticia.com\/noticias-de-hidalgo\/2024\/11\/09\/urgente-atencion-a-la-carretera-mexico-tampico\/\">Seguir leyendo <span class=\"screen-reader-text\">Urgente atenci\u00f3n a la carretera M\u00e9xico-Tampico<\/span><\/a><\/p>\n","protected":false},"author":20,"featured_media":570636,"comment_status":"open","ping_status":"open","sticky":false,"template":"","format":"standard","meta":{"rop_custom_images_group":[],"rop_custom_messages_group":[],"rop_publish_now":"initial","rop_publish_now_accounts":{"facebook_10159540855086992_322828327761733":""},"rop_publish_now_history":[],"rop_publish_now_status":"pending","footnotes":""},"categories":[181],"tags":[121],"class_list":["post-570635","post","type-post","status-publish","format-standard","has-post-thumbnail","hentry","category-huejutla","tag-huejutla","entry"],"_links":{"self":[{"href":"https:\/\/www.zunoticia.com\/noticias-de-hidalgo\/wp-json\/wp\/v2\/posts\/570635","targetHints":{"allow":["GET"]}}],"collection":[{"href":"https:\/\/www.zunoticia.com\/noticias-de-hidalgo\/wp-json\/wp\/v2\/posts"}],"about":[{"href":"https:\/\/www.zunoticia.com\/noticias-de-hidalgo\/wp-json\/wp\/v2\/types\/post"}],"author":[{"embeddable":true,"href":"https:\/\/www.zunoticia.com\/noticias-de-hidalgo\/wp-json\/wp\/v2\/users\/20"}],"replies":[{"embeddable":true,"href":"https:\/\/www.zunoticia.com\/noticias-de-hidalgo\/wp-json\/wp\/v2\/comments?post=570635"}],"version-history":[{"count":1,"href":"https:\/\/www.zunoticia.com\/noticias-de-hidalgo\/wp-json\/wp\/v2\/posts\/570635\/revisions"}],"predecessor-version":[{"id":570637,"href":"https:\/\/www.zunoticia.com\/noticias-de-hidalgo\/wp-json\/wp\/v2\/posts\/570635\/revisions\/570637"}],"wp:featuredmedia":[{"embeddable":true,"href":"https:\/\/www.zunoticia.com\/noticias-de-hidalgo\/wp-json\/wp\/v2\/media\/570636"}],"wp:attachment":[{"href":"https:\/\/www.zunoticia.com\/noticias-de-hidalgo\/wp-json\/wp\/v2\/media?parent=570635"}],"wp:term":[{"taxonomy":"category","embeddable":true,"href":"https:\/\/www.zunoticia.com\/noticias-de-hidalgo\/wp-json\/wp\/v2\/categories?post=570635"},{"taxonomy":"post_tag","embeddable":true,"href":"https:\/\/www.zunoticia.com\/noticias-de-hidalgo\/wp-json\/wp\/v2\/tags?post=570635"}],"curies":[{"name":"wp","href":"https:\/\/api.w.org\/{rel}","templated":true}]}}