{"id":570741,"date":"2024-11-10T18:35:51","date_gmt":"2024-11-11T00:35:51","guid":{"rendered":"https:\/\/www.zunoticia.com\/noticias-de-hidalgo\/?p=570741"},"modified":"2024-11-10T18:35:52","modified_gmt":"2024-11-11T00:35:52","slug":"ayuntamiento-conmemoro-el-dia-del-medico","status":"publish","type":"post","link":"https:\/\/www.zunoticia.com\/noticias-de-hidalgo\/2024\/11\/10\/ayuntamiento-conmemoro-el-dia-del-medico\/","title":{"rendered":"Ayuntamiento conmemor\u00f3 el &#8220;D\u00eda del M\u00e9dico&#8221;"},"content":{"rendered":"<aside class=\"mashsb-container mashsb-main mashsb-stretched\"><div class=\"mashsb-box\"><div class=\"mashsb-count mash-large\" style=\"float:left\"><div class=\"counts mashsbcount\">0<\/div><span class=\"mashsb-sharetext\">SHARES<\/span><\/div><div class=\"mashsb-buttons\"><a class=\"mashicon-facebook mash-large mash-center mashsb-noshadow\" href=\"https:\/\/www.facebook.com\/sharer.php?u=https%3A%2F%2Fwww.zunoticia.com%2Fnoticias-de-hidalgo%2F2024%2F11%2F10%2Fayuntamiento-conmemoro-el-dia-del-medico%2F\" target=\"_top\" rel=\"nofollow\"><span class=\"icon\"><\/span><span class=\"text\">Share<\/span><\/a><a class=\"mashicon-twitter mash-large mash-center mashsb-noshadow\" href=\"https:\/\/twitter.com\/intent\/tweet?text=&amp;url=https:\/\/www.zunoticia.com\/noticias-de-hidalgo\/2024\/11\/10\/ayuntamiento-conmemoro-el-dia-del-medico\/\" target=\"_top\" rel=\"nofollow\"><span class=\"icon\"><\/span><span class=\"text\">Tweet<\/span><\/a><div class=\"onoffswitch2 mash-large mashsb-noshadow\" style=\"display:none\"><\/div><\/div>\n            <\/div>\n                <div style=\"clear:both\"><\/div><div class=\"mashsb-toggle-container\"><\/div><\/aside>\n            <!-- Share buttons by mashshare.net - Version: 4.0.47-->\n<p><em>Por Salvador Altamirano\/Zunoticia<\/em><\/p>\n\n\n\n<p><strong>Yahualica, Hgo.-<\/strong> \u201cHoy tenemos el honor de reunir a los m\u00e9dicos que prestan servicio en las 32 comunidades que integran el municipio, tanto del IMSS ordinario como del IMSS Bienestar, en un convivio organizado en reconocimiento y agradecimiento a su vital labor y compromiso con la salud de nuestra gente\u201d.<\/p>\n\n\n\n<p>Lo anterior fue expresado por la alcaldesa, Francisca Lara Vel\u00e1zquez, durante un almuerzo tendiente a conmemorar el &#8220;D\u00eda del M\u00e9dico&#8221;, realizado el pasado jueves, al cual tambi\u00e9n acudi\u00f3 el Jefe de la Jurisdicci\u00f3n Sanitaria con sede en Huejutla, doctor Jes\u00fas Rodr\u00edguez Ortega.<\/p>\n\n\n\n<figure class=\"wp-block-image size-full\"><img fetchpriority=\"high\" decoding=\"async\" width=\"720\" height=\"347\" src=\"https:\/\/www.zunoticia.com\/noticias-de-hidalgo\/wp-content\/uploads\/2024\/11\/eZy-Watermark_10-11-2024_05-14-22-5690p.m.jpg\" alt=\"\" class=\"wp-image-570726\"\/><\/figure>\n\n\n\n<p>Subray\u00f3, \u201cgracias a cada uno de ustedes, m\u00e9dicos y m\u00e9dicas, por ser guardianes de la salud y velar por el bienestar de cada persona, de cada familia, en cada rinc\u00f3n de Yahualica\u201d.<\/p>\n\n\n\n<p>Agreg\u00f3, \u201csu dedicaci\u00f3n y sacrificio son la fuerza que mantiene viva la esperanza y la salud en nuestra comunidad. \u00a1Feliz d\u00eda del m\u00e9dico!\u201d y los exhort\u00f3 a seguir construyendo juntos un futuro m\u00e1s sano y lleno de oportunidades para todos.<\/p>\n\n\n\n<p>Es importante mencionar que, el director de Comunicaci\u00f3n Social, \u00c1ngel Aquino, coment\u00f3 que el evento fue posible gracias a la Presidenta del DIF Municipal, Arisbeth Hern\u00e1ndez Lara, quien conjuntamente con la Alcaldesa est\u00e1n comprometidas con la salud y el bienestar de los yahualiquenses, trabajan, incansablemente de la mano para fortalecer los proyectos de salud en el municipio, dijo.<\/p>\n","protected":false},"excerpt":{"rendered":"<p>Por Salvador Altamirano\/Zunoticia Yahualica, Hgo.- \u201cHoy tenemos el honor de reunir a los m\u00e9dicos que prestan servicio en las 32 comunidades que integran el municipio, tanto del IMSS ordinario como del IMSS Bienestar, en un convivio organizado en reconocimiento y agradecimiento a su vital labor y compromiso con la salud de nuestra gente\u201d. Lo anterior&hellip; <a class=\"more-link\" href=\"https:\/\/www.zunoticia.com\/noticias-de-hidalgo\/2024\/11\/10\/ayuntamiento-conmemoro-el-dia-del-medico\/\">Seguir leyendo <span class=\"screen-reader-text\">Ayuntamiento conmemor\u00f3 el &#8220;D\u00eda del M\u00e9dico&#8221;<\/span><\/a><\/p>\n","protected":false},"author":12,"featured_media":570725,"comment_status":"open","ping_status":"open","sticky":false,"template":"","format":"standard","meta":{"rop_custom_images_group":[],"rop_custom_messages_group":[],"rop_publish_now":"initial","rop_publish_now_accounts":{"facebook_10159540855086992_322828327761733":""},"rop_publish_now_history":[],"rop_publish_now_status":"pending","footnotes":""},"categories":[179,203],"tags":[123],"class_list":["post-570741","post","type-post","status-publish","format-standard","has-post-thumbnail","hentry","category-huasteca","category-yahualica","tag-yahualica","entry"],"_links":{"self":[{"href":"https:\/\/www.zunoticia.com\/noticias-de-hidalgo\/wp-json\/wp\/v2\/posts\/570741","targetHints":{"allow":["GET"]}}],"collection":[{"href":"https:\/\/www.zunoticia.com\/noticias-de-hidalgo\/wp-json\/wp\/v2\/posts"}],"about":[{"href":"https:\/\/www.zunoticia.com\/noticias-de-hidalgo\/wp-json\/wp\/v2\/types\/post"}],"author":[{"embeddable":true,"href":"https:\/\/www.zunoticia.com\/noticias-de-hidalgo\/wp-json\/wp\/v2\/users\/12"}],"replies":[{"embeddable":true,"href":"https:\/\/www.zunoticia.com\/noticias-de-hidalgo\/wp-json\/wp\/v2\/comments?post=570741"}],"version-history":[{"count":1,"href":"https:\/\/www.zunoticia.com\/noticias-de-hidalgo\/wp-json\/wp\/v2\/posts\/570741\/revisions"}],"predecessor-version":[{"id":570742,"href":"https:\/\/www.zunoticia.com\/noticias-de-hidalgo\/wp-json\/wp\/v2\/posts\/570741\/revisions\/570742"}],"wp:featuredmedia":[{"embeddable":true,"href":"https:\/\/www.zunoticia.com\/noticias-de-hidalgo\/wp-json\/wp\/v2\/media\/570725"}],"wp:attachment":[{"href":"https:\/\/www.zunoticia.com\/noticias-de-hidalgo\/wp-json\/wp\/v2\/media?parent=570741"}],"wp:term":[{"taxonomy":"category","embeddable":true,"href":"https:\/\/www.zunoticia.com\/noticias-de-hidalgo\/wp-json\/wp\/v2\/categories?post=570741"},{"taxonomy":"post_tag","embeddable":true,"href":"https:\/\/www.zunoticia.com\/noticias-de-hidalgo\/wp-json\/wp\/v2\/tags?post=570741"}],"curies":[{"name":"wp","href":"https:\/\/api.w.org\/{rel}","templated":true}]}}