{"id":572044,"date":"2024-11-19T14:34:01","date_gmt":"2024-11-19T20:34:01","guid":{"rendered":"https:\/\/www.zunoticia.com\/noticias-de-hidalgo\/?p=572044"},"modified":"2024-11-19T14:36:08","modified_gmt":"2024-11-19T20:36:08","slug":"supervisora-escolar-pretende-despojar-a-trabajadores-del-comedor-en-servicios-regionales","status":"publish","type":"post","link":"https:\/\/www.zunoticia.com\/noticias-de-hidalgo\/2024\/11\/19\/supervisora-escolar-pretende-despojar-a-trabajadores-del-comedor-en-servicios-regionales\/","title":{"rendered":"Supervisora escolar pretende despojar a trabajadores del comedor en Servicios Regionales"},"content":{"rendered":"<aside class=\"mashsb-container mashsb-main mashsb-stretched\"><div class=\"mashsb-box\"><div class=\"mashsb-count mash-large\" style=\"float:left\"><div class=\"counts mashsbcount\">0<\/div><span class=\"mashsb-sharetext\">SHARES<\/span><\/div><div class=\"mashsb-buttons\"><a class=\"mashicon-facebook mash-large mash-center mashsb-noshadow\" href=\"https:\/\/www.facebook.com\/sharer.php?u=https%3A%2F%2Fwww.zunoticia.com%2Fnoticias-de-hidalgo%2F2024%2F11%2F19%2Fsupervisora-escolar-pretende-despojar-a-trabajadores-del-comedor-en-servicios-regionales%2F\" target=\"_top\" rel=\"nofollow\"><span class=\"icon\"><\/span><span class=\"text\">Share<\/span><\/a><a class=\"mashicon-twitter mash-large mash-center mashsb-noshadow\" href=\"https:\/\/twitter.com\/intent\/tweet?text=&amp;url=https:\/\/www.zunoticia.com\/noticias-de-hidalgo\/2024\/11\/19\/supervisora-escolar-pretende-despojar-a-trabajadores-del-comedor-en-servicios-regionales\/\" target=\"_top\" rel=\"nofollow\"><span class=\"icon\"><\/span><span class=\"text\">Tweet<\/span><\/a><div class=\"onoffswitch2 mash-large mashsb-noshadow\" style=\"display:none\"><\/div><\/div>\n            <\/div>\n                <div style=\"clear:both\"><\/div><div class=\"mashsb-toggle-container\"><\/div><\/aside>\n            <!-- Share buttons by mashshare.net - Version: 4.0.47-->\n<ul class=\"wp-block-list\">\n<li>Retir\u00f3 los candados del comedor, lo que caus\u00f3 inconformidad.<\/li>\n<\/ul>\n\n\n\n<p><em>Por Karen Rivera\/ Zunoticia<\/em><\/p>\n\n\n\n<p><strong>Huejutla de Reyes, Hgo.-<\/strong> Con lujo de violencia la supervisora escolar de la zona 4 del nivel Preescolar, Isabel Lara Santos, retir\u00f3 los candados del espacio que se habilit\u00f3 como comedor en las instalaciones de la Subdirecci\u00f3n de Servicios Regionales, hechos que gener\u00f3 inconformidad entre los trabajadores del lugar.<\/p>\n\n\n\n<p>Lo anterior se registr\u00f3 la ma\u00f1ana del 19 de noviembre del a\u00f1o en curso, cuando la Supervisora Escolar, Isabel Lara Santos, sin notificar, abri\u00f3 con lujo de violencia los candados del citado comedor, mismo que es utilizado por el personal que labora en el lugar.<\/p>\n\n\n\n<p>Los trabajadores informaron que, ese comedor lleva m\u00e1s de 10 a\u00f1os, el cual, fue donado por un particular ante las gestiones que se realizaron para que el espacio fuera ocupado para el consumo de alimentos, no obstante, la docente pretende inhabilitar ese lugar para convertirlo en oficina y otro espacio adyacente en comedor.<\/p>\n\n\n\n<p>Ante esta situaci\u00f3n, los 43 trabajadores protestaron, piden que se respete el comedor, as\u00ed como la intervenci\u00f3n de las autoridades competentes.<\/p>\n","protected":false},"excerpt":{"rendered":"<p>Por Karen Rivera\/ Zunoticia Huejutla de Reyes, Hgo.- Con lujo de violencia la supervisora escolar de la zona 4 del nivel Preescolar, Isabel Lara Santos, retir\u00f3 los candados del espacio que se habilit\u00f3 como comedor en las instalaciones de la Subdirecci\u00f3n de Servicios Regionales, hechos que gener\u00f3 inconformidad entre los trabajadores del lugar. Lo anterior&hellip; <a class=\"more-link\" href=\"https:\/\/www.zunoticia.com\/noticias-de-hidalgo\/2024\/11\/19\/supervisora-escolar-pretende-despojar-a-trabajadores-del-comedor-en-servicios-regionales\/\">Seguir leyendo <span class=\"screen-reader-text\">Supervisora escolar pretende despojar a trabajadores del comedor en Servicios Regionales<\/span><\/a><\/p>\n","protected":false},"author":20,"featured_media":572045,"comment_status":"open","ping_status":"open","sticky":false,"template":"","format":"standard","meta":{"rop_custom_images_group":[],"rop_custom_messages_group":[],"rop_publish_now":"initial","rop_publish_now_accounts":{"facebook_10159540855086992_322828327761733":""},"rop_publish_now_history":[],"rop_publish_now_status":"pending","footnotes":""},"categories":[181],"tags":[121],"class_list":["post-572044","post","type-post","status-publish","format-standard","has-post-thumbnail","hentry","category-huejutla","tag-huejutla","entry"],"_links":{"self":[{"href":"https:\/\/www.zunoticia.com\/noticias-de-hidalgo\/wp-json\/wp\/v2\/posts\/572044","targetHints":{"allow":["GET"]}}],"collection":[{"href":"https:\/\/www.zunoticia.com\/noticias-de-hidalgo\/wp-json\/wp\/v2\/posts"}],"about":[{"href":"https:\/\/www.zunoticia.com\/noticias-de-hidalgo\/wp-json\/wp\/v2\/types\/post"}],"author":[{"embeddable":true,"href":"https:\/\/www.zunoticia.com\/noticias-de-hidalgo\/wp-json\/wp\/v2\/users\/20"}],"replies":[{"embeddable":true,"href":"https:\/\/www.zunoticia.com\/noticias-de-hidalgo\/wp-json\/wp\/v2\/comments?post=572044"}],"version-history":[{"count":1,"href":"https:\/\/www.zunoticia.com\/noticias-de-hidalgo\/wp-json\/wp\/v2\/posts\/572044\/revisions"}],"predecessor-version":[{"id":572046,"href":"https:\/\/www.zunoticia.com\/noticias-de-hidalgo\/wp-json\/wp\/v2\/posts\/572044\/revisions\/572046"}],"wp:featuredmedia":[{"embeddable":true,"href":"https:\/\/www.zunoticia.com\/noticias-de-hidalgo\/wp-json\/wp\/v2\/media\/572045"}],"wp:attachment":[{"href":"https:\/\/www.zunoticia.com\/noticias-de-hidalgo\/wp-json\/wp\/v2\/media?parent=572044"}],"wp:term":[{"taxonomy":"category","embeddable":true,"href":"https:\/\/www.zunoticia.com\/noticias-de-hidalgo\/wp-json\/wp\/v2\/categories?post=572044"},{"taxonomy":"post_tag","embeddable":true,"href":"https:\/\/www.zunoticia.com\/noticias-de-hidalgo\/wp-json\/wp\/v2\/tags?post=572044"}],"curies":[{"name":"wp","href":"https:\/\/api.w.org\/{rel}","templated":true}]}}